{"id":20975,"date":"2023-06-26T20:08:03","date_gmt":"2023-06-26T23:08:03","guid":{"rendered":"https:\/\/tacuarembo.gub.uy\/?p=20975"},"modified":"2023-06-26T20:08:04","modified_gmt":"2023-06-26T23:08:04","slug":"luzmila-ferreira-fue-elegida-como-la-musa-tango-2023","status":"publish","type":"post","link":"https:\/\/tacuarembo.gub.uy\/?p=20975","title":{"rendered":"Luzmila Ferreira fue elegida como la Musa Tango 2023"},"content":{"rendered":"\n<p>El pasado s\u00e1bado 24 de junio, durante la celebraci\u00f3n del D\u00eda Nacional de Carlos Gardel, Luzmila Ferreira fue coronada como la Musa Tango 2023 en el Club Tacuaremb\u00f3. El jurado, compuesto por cinco miembros, tuvo la dif\u00edcil tarea de elegir a la joven representante, quien se distingui\u00f3 por su actuaci\u00f3n en escena.<\/p>\n\n\n\n<p>Este concurso tradicionalmente se lleva a cabo en el marco de la Semana Gardeliana, una festividad organizada conjuntamente por la Fundaci\u00f3n Carlos Gardel y la Intendencia de Tacuaremb\u00f3. Su objetivo principal es honrar la memoria del ic\u00f3nico Carlos Gardel, reivindicar su nacionalidad oriental y mantener viva la esencia de la \u00e9poca tanguera.<\/p>\n\n\n\n<p>La elecci\u00f3n de la \u00abMusa Tango\u00bb es una forma especial de representar a la mujer tanguera, en sinton\u00eda con la \u00e9poca de Carlos Gardel. Durante la ceremonia, se disfrut\u00f3 de la magia de la m\u00fasica, gracias a las actuaciones de talentosos m\u00fasicos tanto locales como nacionales.<\/p>\n\n\n\n<p>Cabe recordar que por ley cada 24 de junio los actos centrales de car\u00e1cter conmemorativo se realizan en la ciudad<br>de Tacuaremb\u00f3.<\/p>\n\n\n<p style=\"text-align: center;\"><img loading=\"lazy\" decoding=\"async\" width=\"2048\" height=\"1456\" class=\"alignnone size-full wp-image-20976\" src=\"https:\/\/tacuarembo.gub.uy\/wp-content\/uploads\/IMG-20230626-WA0085.jpg\" alt=\"\" srcset=\"https:\/\/tacuarembo.gub.uy\/wp-content\/uploads\/IMG-20230626-WA0085.jpg 2048w, https:\/\/tacuarembo.gub.uy\/wp-content\/uploads\/IMG-20230626-WA0085-768x546.jpg 768w, https:\/\/tacuarembo.gub.uy\/wp-content\/uploads\/IMG-20230626-WA0085-1536x1092.jpg 1536w\" sizes=\"auto, (max-width: 2048px) 100vw, 2048px\" \/> <img loading=\"lazy\" decoding=\"async\" width=\"2048\" height=\"1367\" class=\"alignnone size-full wp-image-20977\" src=\"https:\/\/tacuarembo.gub.uy\/wp-content\/uploads\/IMG-20230626-WA0086.jpg\" alt=\"\" srcset=\"https:\/\/tacuarembo.gub.uy\/wp-content\/uploads\/IMG-20230626-WA0086.jpg 2048w, https:\/\/tacuarembo.gub.uy\/wp-content\/uploads\/IMG-20230626-WA0086-768x513.jpg 768w, https:\/\/tacuarembo.gub.uy\/wp-content\/uploads\/IMG-20230626-WA0086-1536x1025.jpg 1536w\" sizes=\"auto, (max-width: 2048px) 100vw, 2048px\" \/> <img loading=\"lazy\" decoding=\"async\" width=\"2048\" height=\"1367\" class=\"alignnone size-full wp-image-20978\" src=\"https:\/\/tacuarembo.gub.uy\/wp-content\/uploads\/IMG-20230626-WA0087.jpg\" alt=\"\" srcset=\"https:\/\/tacuarembo.gub.uy\/wp-content\/uploads\/IMG-20230626-WA0087.jpg 2048w, https:\/\/tacuarembo.gub.uy\/wp-content\/uploads\/IMG-20230626-WA0087-768x513.jpg 768w, https:\/\/tacuarembo.gub.uy\/wp-content\/uploads\/IMG-20230626-WA0087-1536x1025.jpg 1536w\" sizes=\"auto, (max-width: 2048px) 100vw, 2048px\" \/> <img loading=\"lazy\" decoding=\"async\" width=\"2048\" height=\"1365\" class=\"alignnone size-full wp-image-20979\" src=\"https:\/\/tacuarembo.gub.uy\/wp-content\/uploads\/IMG-20230626-WA0088.jpg\" alt=\"\" srcset=\"https:\/\/tacuarembo.gub.uy\/wp-content\/uploads\/IMG-20230626-WA0088.jpg 2048w, https:\/\/tacuarembo.gub.uy\/wp-content\/uploads\/IMG-20230626-WA0088-768x512.jpg 768w, https:\/\/tacuarembo.gub.uy\/wp-content\/uploads\/IMG-20230626-WA0088-1536x1024.jpg 1536w\" sizes=\"auto, (max-width: 2048px) 100vw, 2048px\" \/> <img loading=\"lazy\" decoding=\"async\" width=\"2048\" height=\"1365\" class=\"alignnone size-full wp-image-20980\" src=\"https:\/\/tacuarembo.gub.uy\/wp-content\/uploads\/IMG-20230626-WA0084.jpg\" alt=\"\" srcset=\"https:\/\/tacuarembo.gub.uy\/wp-content\/uploads\/IMG-20230626-WA0084.jpg 2048w, https:\/\/tacuarembo.gub.uy\/wp-content\/uploads\/IMG-20230626-WA0084-768x512.jpg 768w, https:\/\/tacuarembo.gub.uy\/wp-content\/uploads\/IMG-20230626-WA0084-1536x1024.jpg 1536w\" sizes=\"auto, (max-width: 2048px) 100vw, 2048px\" \/> <img loading=\"lazy\" decoding=\"async\" width=\"2048\" height=\"1367\" class=\"alignnone size-full wp-image-20981\" src=\"https:\/\/tacuarembo.gub.uy\/wp-content\/uploads\/IMG-20230626-WA0089.jpg\" alt=\"\" srcset=\"https:\/\/tacuarembo.gub.uy\/wp-content\/uploads\/IMG-20230626-WA0089.jpg 2048w, https:\/\/tacuarembo.gub.uy\/wp-content\/uploads\/IMG-20230626-WA0089-768x513.jpg 768w, https:\/\/tacuarembo.gub.uy\/wp-content\/uploads\/IMG-20230626-WA0089-1536x1025.jpg 1536w\" sizes=\"auto, (max-width: 2048px) 100vw, 2048px\" \/> <img loading=\"lazy\" decoding=\"async\" width=\"2048\" height=\"1367\" class=\"alignnone size-full wp-image-20982\" src=\"https:\/\/tacuarembo.gub.uy\/wp-content\/uploads\/IMG-20230626-WA0090.jpg\" alt=\"\" srcset=\"https:\/\/tacuarembo.gub.uy\/wp-content\/uploads\/IMG-20230626-WA0090.jpg 2048w, https:\/\/tacuarembo.gub.uy\/wp-content\/uploads\/IMG-20230626-WA0090-768x513.jpg 768w, https:\/\/tacuarembo.gub.uy\/wp-content\/uploads\/IMG-20230626-WA0090-1536x1025.jpg 1536w\" sizes=\"auto, (max-width: 2048px) 100vw, 2048px\" \/> <img loading=\"lazy\" decoding=\"async\" width=\"2048\" height=\"1367\" class=\"alignnone size-full wp-image-20983\" src=\"https:\/\/tacuarembo.gub.uy\/wp-content\/uploads\/IMG-20230626-WA0091.jpg\" alt=\"\" srcset=\"https:\/\/tacuarembo.gub.uy\/wp-content\/uploads\/IMG-20230626-WA0091.jpg 2048w, https:\/\/tacuarembo.gub.uy\/wp-content\/uploads\/IMG-20230626-WA0091-768x513.jpg 768w, https:\/\/tacuarembo.gub.uy\/wp-content\/uploads\/IMG-20230626-WA0091-1536x1025.jpg 1536w\" sizes=\"auto, (max-width: 2048px) 100vw, 2048px\" \/> <img loading=\"lazy\" decoding=\"async\" width=\"2048\" height=\"1367\" class=\"alignnone size-full wp-image-20984\" src=\"https:\/\/tacuarembo.gub.uy\/wp-content\/uploads\/IMG-20230626-WA0092.jpg\" alt=\"\" srcset=\"https:\/\/tacuarembo.gub.uy\/wp-content\/uploads\/IMG-20230626-WA0092.jpg 2048w, https:\/\/tacuarembo.gub.uy\/wp-content\/uploads\/IMG-20230626-WA0092-768x513.jpg 768w, https:\/\/tacuarembo.gub.uy\/wp-content\/uploads\/IMG-20230626-WA0092-1536x1025.jpg 1536w\" sizes=\"auto, (max-width: 2048px) 100vw, 2048px\" \/> <img loading=\"lazy\" decoding=\"async\" width=\"2048\" height=\"1367\" class=\"alignnone size-full wp-image-20985\" src=\"https:\/\/tacuarembo.gub.uy\/wp-content\/uploads\/IMG-20230626-WA0093.jpg\" alt=\"\" srcset=\"https:\/\/tacuarembo.gub.uy\/wp-content\/uploads\/IMG-20230626-WA0093.jpg 2048w, https:\/\/tacuarembo.gub.uy\/wp-content\/uploads\/IMG-20230626-WA0093-768x513.jpg 768w, https:\/\/tacuarembo.gub.uy\/wp-content\/uploads\/IMG-20230626-WA0093-1536x1025.jpg 1536w\" sizes=\"auto, (max-width: 2048px) 100vw, 2048px\" \/> <img loading=\"lazy\" decoding=\"async\" width=\"2048\" height=\"1622\" class=\"alignnone size-full wp-image-20986\" src=\"https:\/\/tacuarembo.gub.uy\/wp-content\/uploads\/IMG-20230626-WA0083.jpg\" alt=\"\" srcset=\"https:\/\/tacuarembo.gub.uy\/wp-content\/uploads\/IMG-20230626-WA0083.jpg 2048w, https:\/\/tacuarembo.gub.uy\/wp-content\/uploads\/IMG-20230626-WA0083-768x608.jpg 768w, https:\/\/tacuarembo.gub.uy\/wp-content\/uploads\/IMG-20230626-WA0083-1536x1217.jpg 1536w\" sizes=\"auto, (max-width: 2048px) 100vw, 2048px\" \/><\/p>","protected":false},"excerpt":{"rendered":"<p>El pasado s\u00e1bado 24 de junio, durante la celebraci\u00f3n del D\u00eda Nacional de Carlos Gardel, Luzmila Ferreira fue coronada como la Musa Tango 2023 en el Club Tacuaremb\u00f3. El jurado, compuesto por cinco miembros, tuvo la dif\u00edcil tarea de elegir a la joven representante, quien se distingui\u00f3 por su actuaci\u00f3n en escena<\/p>\n","protected":false},"author":3,"featured_media":20985,"comment_status":"open","ping_status":"open","sticky":false,"template":"","format":"standard","meta":{"_eb_attr":"","footnotes":""},"categories":[18,16],"tags":[],"class_list":{"0":"post-20975","1":"post","2":"type-post","3":"status-publish","4":"format-standard","5":"has-post-thumbnail","7":"category-cultura","8":"category-noticias"},"_links":{"self":[{"href":"https:\/\/tacuarembo.gub.uy\/index.php?rest_route=\/wp\/v2\/posts\/20975","targetHints":{"allow":["GET"]}}],"collection":[{"href":"https:\/\/tacuarembo.gub.uy\/index.php?rest_route=\/wp\/v2\/posts"}],"about":[{"href":"https:\/\/tacuarembo.gub.uy\/index.php?rest_route=\/wp\/v2\/types\/post"}],"author":[{"embeddable":true,"href":"https:\/\/tacuarembo.gub.uy\/index.php?rest_route=\/wp\/v2\/users\/3"}],"replies":[{"embeddable":true,"href":"https:\/\/tacuarembo.gub.uy\/index.php?rest_route=%2Fwp%2Fv2%2Fcomments&post=20975"}],"version-history":[{"count":1,"href":"https:\/\/tacuarembo.gub.uy\/index.php?rest_route=\/wp\/v2\/posts\/20975\/revisions"}],"predecessor-version":[{"id":20988,"href":"https:\/\/tacuarembo.gub.uy\/index.php?rest_route=\/wp\/v2\/posts\/20975\/revisions\/20988"}],"wp:featuredmedia":[{"embeddable":true,"href":"https:\/\/tacuarembo.gub.uy\/index.php?rest_route=\/wp\/v2\/media\/20985"}],"wp:attachment":[{"href":"https:\/\/tacuarembo.gub.uy\/index.php?rest_route=%2Fwp%2Fv2%2Fmedia&parent=20975"}],"wp:term":[{"taxonomy":"category","embeddable":true,"href":"https:\/\/tacuarembo.gub.uy\/index.php?rest_route=%2Fwp%2Fv2%2Fcategories&post=20975"},{"taxonomy":"post_tag","embeddable":true,"href":"https:\/\/tacuarembo.gub.uy\/index.php?rest_route=%2Fwp%2Fv2%2Ftags&post=20975"}],"curies":[{"name":"wp","href":"https:\/\/api.w.org\/{rel}","templated":true}]}}