{"id":20909,"date":"2023-06-24T14:11:11","date_gmt":"2023-06-24T17:11:11","guid":{"rendered":"https:\/\/tacuarembo.gub.uy\/?p=20909"},"modified":"2023-06-24T14:11:12","modified_gmt":"2023-06-24T17:11:12","slug":"idt-felicita-a-la-division-ejercito-iii-por-su-aniversario-n-85","status":"publish","type":"post","link":"https:\/\/tacuarembo.gub.uy\/?p=20909","title":{"rendered":"IDT felicita a la Divisi\u00f3n Ej\u00e9rcito III por su aniversario N\u00b0 85"},"content":{"rendered":"\n<p>La celebraci\u00f3n tuvo lugar en la Plaza de Armas a donde el secretario general de la IDT, Jos\u00e9 Omar Men\u00e9ndez, asisti\u00f3 para acompa\u00f1ar el acto por un nuevo aniversario. En ese contexto, hizo extensivo el saludo del intendente Wilson Ezquerra y resalt\u00f3 las coordinaciones entre las instituciones y el Ej\u00e9rcito para atender inquietudes de la poblaci\u00f3n. A modo de ejemplo mencion\u00f3 el Programa del Plato Caliente, las acciones del Comit\u00e9 de Emergencia o eventos como la Patria Gaucha.<\/p>\n\n\n\n<p>El comandante de la unidad y general, Jorge Fern\u00e1ndez, hizo un repaso del trabajo que se viene realizando en la regi\u00f3n y tambi\u00e9n se llev\u00f3 a cabo un homenaje al personal subalterno con m\u00e1s de 25 a\u00f1os de servicio, adem\u00e1s de disfrutar del tradicional desfile con el que se rindieron honores.<\/p>\n\n\n\n<p>En su discurso se dirigi\u00f3 al personal superior y subalterno y asegur\u00f3 sentir \u201cinmenso orgullo y honor\u201d de ser su comandante.<\/p>\n\n\n\n<p>Remarc\u00f3 la fluida relaci\u00f3n y el apoyo mutuo con los gobiernos departamentales a nivel local y con otros departamentos donde cada una de las unidades militares ocupa un lugar importante a la hora de ejecutar operaciones de emergencia e innumerables apoyos a instituciones p\u00fablicas y privadas, \u201cponiendo a disposici\u00f3n nuestro material y riqueza del personal\u201d.<\/p>\n\n\n\n<p>Tambi\u00e9n resalt\u00f3 el relacionamiento con otros pa\u00edses como Argentina y Brasil y expres\u00f3 que \u201cestamos convencidos que debido a la historia y valores militares que compartimos podemos enfrentar los desaf\u00edos que afecten a nuestros pa\u00edses de la misma forma\u201d.<\/p>\n\n\n\n\t\t<style type=\"text\/css\">\n\t\t\t#gallery-1 {\n\t\t\t\tmargin: auto;\n\t\t\t}\n\t\t\t#gallery-1 .gallery-item {\n\t\t\t\tfloat: left;\n\t\t\t\tmargin-top: 10px;\n\t\t\t\ttext-align: center;\n\t\t\t\twidth: 33%;\n\t\t\t}\n\t\t\t#gallery-1 img {\n\t\t\t\tborder: 2px solid #cfcfcf;\n\t\t\t}\n\t\t\t#gallery-1 .gallery-caption {\n\t\t\t\tmargin-left: 0;\n\t\t\t}\n\t\t\t\/* see gallery_shortcode() in wp-includes\/media.php *\/\n\t\t<\/style>\n\t\t<div id='gallery-1' class='gallery galleryid-20909 gallery-columns-3 gallery-size-thumbnail'><dl class='gallery-item'>\n\t\t\t<dt class='gallery-icon landscape'>\n\t\t\t\t<a href='https:\/\/tacuarembo.gub.uy\/?attachment_id=20910'><img loading=\"lazy\" decoding=\"async\" width=\"200\" height=\"140\" src=\"https:\/\/tacuarembo.gub.uy\/wp-content\/uploads\/IMG-20230624-WA0009-200x140.jpg\" class=\"attachment-thumbnail size-thumbnail\" alt=\"\" \/><\/a>\n\t\t\t<\/dt><\/dl><dl class='gallery-item'>\n\t\t\t<dt class='gallery-icon landscape'>\n\t\t\t\t<a href='https:\/\/tacuarembo.gub.uy\/?attachment_id=20911'><img loading=\"lazy\" decoding=\"async\" width=\"200\" height=\"140\" src=\"https:\/\/tacuarembo.gub.uy\/wp-content\/uploads\/IMG-20230624-WA0008-200x140.jpg\" class=\"attachment-thumbnail size-thumbnail\" alt=\"\" \/><\/a>\n\t\t\t<\/dt><\/dl><dl class='gallery-item'>\n\t\t\t<dt class='gallery-icon landscape'>\n\t\t\t\t<a href='https:\/\/tacuarembo.gub.uy\/?attachment_id=20912'><img loading=\"lazy\" decoding=\"async\" width=\"200\" height=\"140\" src=\"https:\/\/tacuarembo.gub.uy\/wp-content\/uploads\/IMG-20230624-WA0010-200x140.jpg\" class=\"attachment-thumbnail size-thumbnail\" alt=\"\" \/><\/a>\n\t\t\t<\/dt><\/dl><br style=\"clear: both\" \/><dl class='gallery-item'>\n\t\t\t<dt class='gallery-icon landscape'>\n\t\t\t\t<a href='https:\/\/tacuarembo.gub.uy\/?attachment_id=20913'><img loading=\"lazy\" decoding=\"async\" width=\"200\" height=\"140\" src=\"https:\/\/tacuarembo.gub.uy\/wp-content\/uploads\/IMG-20230624-WA0007-200x140.jpg\" class=\"attachment-thumbnail size-thumbnail\" alt=\"\" \/><\/a>\n\t\t\t<\/dt><\/dl><dl class='gallery-item'>\n\t\t\t<dt class='gallery-icon landscape'>\n\t\t\t\t<a href='https:\/\/tacuarembo.gub.uy\/?attachment_id=20914'><img loading=\"lazy\" decoding=\"async\" width=\"200\" height=\"140\" src=\"https:\/\/tacuarembo.gub.uy\/wp-content\/uploads\/IMG-20230624-WA0006-200x140.jpg\" class=\"attachment-thumbnail size-thumbnail\" alt=\"\" \/><\/a>\n\t\t\t<\/dt><\/dl><dl class='gallery-item'>\n\t\t\t<dt class='gallery-icon landscape'>\n\t\t\t\t<a href='https:\/\/tacuarembo.gub.uy\/?attachment_id=20915'><img loading=\"lazy\" decoding=\"async\" width=\"200\" height=\"140\" src=\"https:\/\/tacuarembo.gub.uy\/wp-content\/uploads\/IMG-20230624-WA0011-200x140.jpg\" class=\"attachment-thumbnail size-thumbnail\" alt=\"\" \/><\/a>\n\t\t\t<\/dt><\/dl><br style=\"clear: both\" \/><dl class='gallery-item'>\n\t\t\t<dt class='gallery-icon landscape'>\n\t\t\t\t<a href='https:\/\/tacuarembo.gub.uy\/?attachment_id=20916'><img loading=\"lazy\" decoding=\"async\" width=\"200\" height=\"140\" src=\"https:\/\/tacuarembo.gub.uy\/wp-content\/uploads\/IMG-20230624-WA0005-200x140.jpg\" class=\"attachment-thumbnail size-thumbnail\" alt=\"\" \/><\/a>\n\t\t\t<\/dt><\/dl><dl class='gallery-item'>\n\t\t\t<dt class='gallery-icon landscape'>\n\t\t\t\t<a href='https:\/\/tacuarembo.gub.uy\/?attachment_id=20917'><img loading=\"lazy\" decoding=\"async\" width=\"200\" height=\"140\" src=\"https:\/\/tacuarembo.gub.uy\/wp-content\/uploads\/IMG-20230624-WA0004-200x140.jpg\" class=\"attachment-thumbnail size-thumbnail\" alt=\"\" \/><\/a>\n\t\t\t<\/dt><\/dl><dl class='gallery-item'>\n\t\t\t<dt class='gallery-icon portrait'>\n\t\t\t\t<a href='https:\/\/tacuarembo.gub.uy\/?attachment_id=20918'><img loading=\"lazy\" decoding=\"async\" width=\"200\" height=\"140\" src=\"https:\/\/tacuarembo.gub.uy\/wp-content\/uploads\/IMG-20230624-WA0002-200x140.jpeg\" class=\"attachment-thumbnail size-thumbnail\" alt=\"\" \/><\/a>\n\t\t\t<\/dt><\/dl><br style=\"clear: both\" \/>\n\t\t<\/div>\n","protected":false},"excerpt":{"rendered":"<p>La celebraci\u00f3n tuvo lugar en la Plaza de Armas a donde el secretario general de la IDT, Jos\u00e9 Omar Men\u00e9ndez, asisti\u00f3 para acompa\u00f1ar el acto por un nuevo aniversario. En ese contexto, hizo extensivo el saludo del intendente Wilson Ezquerra y resalt\u00f3 las coordinaciones entre las instituciones y el Ej\u00e9rcito para atender inquietudes de la poblaci\u00f3n. A modo de ejemplo mencion\u00f3 el Programa del Plato Caliente, las acciones del Comit\u00e9 de Emergencia o eventos como la Patria Gaucha<\/p>\n","protected":false},"author":3,"featured_media":20915,"comment_status":"open","ping_status":"open","sticky":false,"template":"","format":"standard","meta":{"_eb_attr":"","footnotes":""},"categories":[16],"tags":[],"class_list":{"0":"post-20909","1":"post","2":"type-post","3":"status-publish","4":"format-standard","5":"has-post-thumbnail","7":"category-noticias"},"_links":{"self":[{"href":"https:\/\/tacuarembo.gub.uy\/index.php?rest_route=\/wp\/v2\/posts\/20909","targetHints":{"allow":["GET"]}}],"collection":[{"href":"https:\/\/tacuarembo.gub.uy\/index.php?rest_route=\/wp\/v2\/posts"}],"about":[{"href":"https:\/\/tacuarembo.gub.uy\/index.php?rest_route=\/wp\/v2\/types\/post"}],"author":[{"embeddable":true,"href":"https:\/\/tacuarembo.gub.uy\/index.php?rest_route=\/wp\/v2\/users\/3"}],"replies":[{"embeddable":true,"href":"https:\/\/tacuarembo.gub.uy\/index.php?rest_route=%2Fwp%2Fv2%2Fcomments&post=20909"}],"version-history":[{"count":1,"href":"https:\/\/tacuarembo.gub.uy\/index.php?rest_route=\/wp\/v2\/posts\/20909\/revisions"}],"predecessor-version":[{"id":20919,"href":"https:\/\/tacuarembo.gub.uy\/index.php?rest_route=\/wp\/v2\/posts\/20909\/revisions\/20919"}],"wp:featuredmedia":[{"embeddable":true,"href":"https:\/\/tacuarembo.gub.uy\/index.php?rest_route=\/wp\/v2\/media\/20915"}],"wp:attachment":[{"href":"https:\/\/tacuarembo.gub.uy\/index.php?rest_route=%2Fwp%2Fv2%2Fmedia&parent=20909"}],"wp:term":[{"taxonomy":"category","embeddable":true,"href":"https:\/\/tacuarembo.gub.uy\/index.php?rest_route=%2Fwp%2Fv2%2Fcategories&post=20909"},{"taxonomy":"post_tag","embeddable":true,"href":"https:\/\/tacuarembo.gub.uy\/index.php?rest_route=%2Fwp%2Fv2%2Ftags&post=20909"}],"curies":[{"name":"wp","href":"https:\/\/api.w.org\/{rel}","templated":true}]}}