{"id":20885,"date":"2023-06-22T20:51:36","date_gmt":"2023-06-22T23:51:36","guid":{"rendered":"https:\/\/tacuarembo.gub.uy\/?p=20885"},"modified":"2023-06-26T13:03:48","modified_gmt":"2023-06-26T16:03:48","slug":"tacuarembo-recibe-al-campeon-del-mundo-anderson-duarte-da-silva","status":"publish","type":"post","link":"https:\/\/tacuarembo.gub.uy\/?p=20885","title":{"rendered":"Tacuaremb\u00f3 recibe al campe\u00f3n del mundo Anderson Duarte Da Silva"},"content":{"rendered":"\n<p>La ciudad se prepara para una caravana gigante con la llegada del futbolista que recientemente obtuvo la Copa Mundial de la FIFA Sub-20 con la Selecci\u00f3n Uruguaya.<\/p>\n\n\n\n<p>La Intendencia de Tacuaremb\u00f3 invita a la poblaci\u00f3n a acompa\u00f1ar y alentar a Anderson Duarte Da Silva este domingo 25 de junio, a las 17 horas, desde la Ruta 5 y Pablo R\u00edos. El recorrido seguir\u00e1 por Catalina, Avenida Oribe, Boulevard Rodr\u00edguez Correa y 18 de Julio hasta llegar frente a la Intendencia donde se le har\u00e1 un reconocimiento popular.<\/p>\n\n\n\n<figure class=\"wp-block-image size-large\"><img loading=\"lazy\" decoding=\"async\" width=\"800\" height=\"420\" src=\"https:\/\/tacuarembo.gub.uy\/wp-content\/uploads\/IMG-20230622-WA0056-800x420.jpg\" alt=\"\" class=\"wp-image-20886\"\/><\/figure>\n\n\n\n<p>El jugador podr\u00e1 compartir un momento especial junto su familia, amigos y a la ciudad que lo vio crecer.<\/p>\n\n\n\n<p>\u00a1Vamos que vamos todos, llega el campe\u00f3n y celebramos juntos!<\/p>\n","protected":false},"excerpt":{"rendered":"<p>La ciudad se prepara para una gran caravana gigante con la llegada del futbolista que recientemente obtuvo la Copa Mundial de la FIFA Sub-20 con la Selecci\u00f3n Uruguaya<\/p>\n","protected":false},"author":3,"featured_media":20886,"comment_status":"open","ping_status":"open","sticky":false,"template":"","format":"standard","meta":{"_eb_attr":"","footnotes":""},"categories":[16],"tags":[],"class_list":{"0":"post-20885","1":"post","2":"type-post","3":"status-publish","4":"format-standard","5":"has-post-thumbnail","7":"category-noticias"},"_links":{"self":[{"href":"https:\/\/tacuarembo.gub.uy\/index.php?rest_route=\/wp\/v2\/posts\/20885","targetHints":{"allow":["GET"]}}],"collection":[{"href":"https:\/\/tacuarembo.gub.uy\/index.php?rest_route=\/wp\/v2\/posts"}],"about":[{"href":"https:\/\/tacuarembo.gub.uy\/index.php?rest_route=\/wp\/v2\/types\/post"}],"author":[{"embeddable":true,"href":"https:\/\/tacuarembo.gub.uy\/index.php?rest_route=\/wp\/v2\/users\/3"}],"replies":[{"embeddable":true,"href":"https:\/\/tacuarembo.gub.uy\/index.php?rest_route=%2Fwp%2Fv2%2Fcomments&post=20885"}],"version-history":[{"count":4,"href":"https:\/\/tacuarembo.gub.uy\/index.php?rest_route=\/wp\/v2\/posts\/20885\/revisions"}],"predecessor-version":[{"id":20891,"href":"https:\/\/tacuarembo.gub.uy\/index.php?rest_route=\/wp\/v2\/posts\/20885\/revisions\/20891"}],"wp:featuredmedia":[{"embeddable":true,"href":"https:\/\/tacuarembo.gub.uy\/index.php?rest_route=\/wp\/v2\/media\/20886"}],"wp:attachment":[{"href":"https:\/\/tacuarembo.gub.uy\/index.php?rest_route=%2Fwp%2Fv2%2Fmedia&parent=20885"}],"wp:term":[{"taxonomy":"category","embeddable":true,"href":"https:\/\/tacuarembo.gub.uy\/index.php?rest_route=%2Fwp%2Fv2%2Fcategories&post=20885"},{"taxonomy":"post_tag","embeddable":true,"href":"https:\/\/tacuarembo.gub.uy\/index.php?rest_route=%2Fwp%2Fv2%2Ftags&post=20885"}],"curies":[{"name":"wp","href":"https:\/\/api.w.org\/{rel}","templated":true}]}}