{"id":20868,"date":"2023-06-21T22:59:25","date_gmt":"2023-06-22T01:59:25","guid":{"rendered":"https:\/\/tacuarembo.gub.uy\/?p=20868"},"modified":"2023-06-21T22:59:32","modified_gmt":"2023-06-22T01:59:32","slug":"gran-bicicleteada-por-el-dia-internacional-de-la-lucha-contra-el-uso-indebido-y-el-trafico-ilicito-de-drogas","status":"publish","type":"post","link":"https:\/\/tacuarembo.gub.uy\/?p=20868","title":{"rendered":"Gran bicicleteada por el D\u00eda Internacional de la Lucha contra el Uso Indebido y el Tr\u00e1fico Il\u00edcito de Drogas"},"content":{"rendered":"\n<p>Las direcciones de Juventud y Deportes de la Intendencia de Tacuaremb\u00f3 invitan a participar de esta actividad que aspira concientizar sobre una tem\u00e1tica de gran importancia en la sociedad. Ser\u00e1 este s\u00e1bado 24 de junio, a las 15 horas, desde la Plaza de Deportes. El director de Deportes, Math\u00edas Grizutti, solicit\u00f3 a los participantes acercarse sobre las 14.30 horas para organizar la salida.<\/p>\n\n\n\n<p>La propuesta se enmarca en el D\u00eda Internacional de la Lucha contra el Uso Indebido y el Tr\u00e1fico Il\u00edcito de Drogas que se conmemorar\u00e1 el pr\u00f3ximo 26 de junio.<\/p>\n\n\n\n<p>Por otra parte, habr\u00e1 una instancia para compartir informaci\u00f3n y poner el tema sobre la mesa, expres\u00f3 el director de Juventud, Camilo Guti\u00e9rrez. Se trata de una charla y simposio abierto a todo p\u00fablico, que tendr\u00e1 lugar el lunes 26 de junio, a las 19.30 horas, en el Complejo Barrio Amor\u00edn, junto a cuatro t\u00e9cnicos vinculadas a la tem\u00e1tica:<\/p>\n\n\n\n<ul class=\"wp-block-list\">\n<li>Maestra y experta en Adicciones y Pol\u00edticas P\u00fablicas, Araceli Tu\u00f1\u00f3n.<\/li>\n\n\n\n<li>Licenciada Patricia Vasalucchi, referente del Dispositivo Ciudadela de la Junta Nacional de Drogas (JND).<\/li>\n\n\n\n<li>Psiquiatra Ricardo Castelli encargado del Proyecto del Centro de Adicciones de Tacuaremb\u00f3.<\/li>\n\n\n\n<li>Ismael Pi\u00f1ero, ex adicto que contar\u00e1 su experiencia personal. Dirige el Programa Ser libre.<\/li>\n<\/ul>\n\n\n<p><img loading=\"lazy\" decoding=\"async\" width=\"899\" height=\"1599\" class=\"alignnone size-full wp-image-20870\" src=\"https:\/\/tacuarembo.gub.uy\/wp-content\/uploads\/IMG-20230621-WA0065.jpg\" alt=\"\" srcset=\"https:\/\/tacuarembo.gub.uy\/wp-content\/uploads\/IMG-20230621-WA0065.jpg 899w, https:\/\/tacuarembo.gub.uy\/wp-content\/uploads\/IMG-20230621-WA0065-768x1366.jpg 768w, https:\/\/tacuarembo.gub.uy\/wp-content\/uploads\/IMG-20230621-WA0065-864x1536.jpg 864w\" sizes=\"auto, (max-width: 899px) 100vw, 899px\" \/><\/p>","protected":false},"excerpt":{"rendered":"<p>Las direcciones de Juventud y Deportes de la Intendencia de Tacuaremb\u00f3 invitan a participar de esta actividad que aspira concientizar sobre una tem\u00e1tica de gran&#8230;<\/p>\n","protected":false},"author":3,"featured_media":20869,"comment_status":"open","ping_status":"open","sticky":false,"template":"","format":"standard","meta":{"_eb_attr":"","footnotes":""},"categories":[31,32,16],"tags":[],"class_list":{"0":"post-20868","1":"post","2":"type-post","3":"status-publish","4":"format-standard","5":"has-post-thumbnail","7":"category-deportes","8":"category-juventud","9":"category-noticias"},"_links":{"self":[{"href":"https:\/\/tacuarembo.gub.uy\/index.php?rest_route=\/wp\/v2\/posts\/20868","targetHints":{"allow":["GET"]}}],"collection":[{"href":"https:\/\/tacuarembo.gub.uy\/index.php?rest_route=\/wp\/v2\/posts"}],"about":[{"href":"https:\/\/tacuarembo.gub.uy\/index.php?rest_route=\/wp\/v2\/types\/post"}],"author":[{"embeddable":true,"href":"https:\/\/tacuarembo.gub.uy\/index.php?rest_route=\/wp\/v2\/users\/3"}],"replies":[{"embeddable":true,"href":"https:\/\/tacuarembo.gub.uy\/index.php?rest_route=%2Fwp%2Fv2%2Fcomments&post=20868"}],"version-history":[{"count":1,"href":"https:\/\/tacuarembo.gub.uy\/index.php?rest_route=\/wp\/v2\/posts\/20868\/revisions"}],"predecessor-version":[{"id":20871,"href":"https:\/\/tacuarembo.gub.uy\/index.php?rest_route=\/wp\/v2\/posts\/20868\/revisions\/20871"}],"wp:featuredmedia":[{"embeddable":true,"href":"https:\/\/tacuarembo.gub.uy\/index.php?rest_route=\/wp\/v2\/media\/20869"}],"wp:attachment":[{"href":"https:\/\/tacuarembo.gub.uy\/index.php?rest_route=%2Fwp%2Fv2%2Fmedia&parent=20868"}],"wp:term":[{"taxonomy":"category","embeddable":true,"href":"https:\/\/tacuarembo.gub.uy\/index.php?rest_route=%2Fwp%2Fv2%2Fcategories&post=20868"},{"taxonomy":"post_tag","embeddable":true,"href":"https:\/\/tacuarembo.gub.uy\/index.php?rest_route=%2Fwp%2Fv2%2Ftags&post=20868"}],"curies":[{"name":"wp","href":"https:\/\/api.w.org\/{rel}","templated":true}]}}