{"id":20865,"date":"2023-06-21T20:19:52","date_gmt":"2023-06-21T23:19:52","guid":{"rendered":"https:\/\/tacuarembo.gub.uy\/?p=20865"},"modified":"2023-06-21T20:19:52","modified_gmt":"2023-06-21T23:19:52","slug":"se-acerca-el-dia-nacional-de-carlos-gardel-y-tacuarembo-lo-celebra-con-variadas-actividades","status":"publish","type":"post","link":"https:\/\/tacuarembo.gub.uy\/?p=20865","title":{"rendered":"Se acerca el D\u00eda Nacional de Carlos Gardel y Tacuaremb\u00f3 lo celebra con variadas actividades"},"content":{"rendered":"\n<p>La Intendencia de Tacuaremb\u00f3 y la Fundaci\u00f3n Carlos Gardel invitan a presenciar el acto final de la 27\u00aa Semana Gardeliana, con entrada gratuita.<\/p>\n\n\n\n<p>El s\u00e1bado 24 de junio, fecha en que se celebra el D\u00eda Nacional de Carlos Gardel, se podr\u00e1 disfrutar de la siguiente programaci\u00f3n:<\/p>\n\n\n\n<p>Primera parte: \u201cLa Noche del Mago\u201d, a las 19 horas, en el Club Tacuaremb\u00f3.<\/p>\n\n\n\n<p>-Parejas de Tango Danza del Elenco Estable Tacuaremb\u00f3 Danza.<br>-Concurso \u00abMusa Tango 2023\u201d.<br>-Actuaci\u00f3n del Coro Departamental Carlos Gardel y del colectivo de folclore juvenil de la Casa de la Cultura.<br>-Canta Tabar\u00e9 Leyton con la m\u00fasica de Alberto Magnone.<br>-Tr\u00edo \u201cLas Bandoneonas\u00bb y la voz de Sandra Gonz\u00e1lez.<\/p>\n\n\n\n<figure class=\"wp-block-image size-large\"><img loading=\"lazy\" decoding=\"async\" width=\"800\" height=\"420\" src=\"https:\/\/tacuarembo.gub.uy\/wp-content\/uploads\/IMG-20230621-WA0045-800x420.jpg\" alt=\"\" class=\"wp-image-20866\"\/><\/figure>\n\n\n\n<p>Segunda parte: \u201cMilonga por Gardel<\/p>\n\n\n\n<p>-Con la m\u00fasica de Sistema Ufo.<\/p>\n\n\n\n<p>Actividad especial<\/p>\n\n\n\n<p>Este jueves 22, a las 19.30 horas, en el Club Tacuaremb\u00f3 se desarrollar\u00e1 la conferencia a cargo de escritor, investigador y profesor Milton Santana, denominada \u201cCarlos Escayola Oliva conocido por Carlos Gardel. Los \u00faltimos aportes de la investigaci\u00f3n\u00bb<\/p>\n\n\n\n<p>Adem\u00e1s se contar\u00e1 con la participaci\u00f3n de la Compa\u00f1\u00eda EI Zorzal, con Eliana Sosa y Fernando Pereira.<\/p>\n","protected":false},"excerpt":{"rendered":"<p>La Intendencia de Tacuaremb\u00f3 y la Fundaci\u00f3n Carlos Gardel invitan a presenciar el acto final de la 27\u00aa Semana Gardeliana, con entrada gratuita<\/p>\n","protected":false},"author":3,"featured_media":20866,"comment_status":"open","ping_status":"open","sticky":false,"template":"","format":"standard","meta":{"_eb_attr":"","footnotes":""},"categories":[18,16],"tags":[],"class_list":{"0":"post-20865","1":"post","2":"type-post","3":"status-publish","4":"format-standard","5":"has-post-thumbnail","7":"category-cultura","8":"category-noticias"},"_links":{"self":[{"href":"https:\/\/tacuarembo.gub.uy\/index.php?rest_route=\/wp\/v2\/posts\/20865","targetHints":{"allow":["GET"]}}],"collection":[{"href":"https:\/\/tacuarembo.gub.uy\/index.php?rest_route=\/wp\/v2\/posts"}],"about":[{"href":"https:\/\/tacuarembo.gub.uy\/index.php?rest_route=\/wp\/v2\/types\/post"}],"author":[{"embeddable":true,"href":"https:\/\/tacuarembo.gub.uy\/index.php?rest_route=\/wp\/v2\/users\/3"}],"replies":[{"embeddable":true,"href":"https:\/\/tacuarembo.gub.uy\/index.php?rest_route=%2Fwp%2Fv2%2Fcomments&post=20865"}],"version-history":[{"count":1,"href":"https:\/\/tacuarembo.gub.uy\/index.php?rest_route=\/wp\/v2\/posts\/20865\/revisions"}],"predecessor-version":[{"id":20867,"href":"https:\/\/tacuarembo.gub.uy\/index.php?rest_route=\/wp\/v2\/posts\/20865\/revisions\/20867"}],"wp:featuredmedia":[{"embeddable":true,"href":"https:\/\/tacuarembo.gub.uy\/index.php?rest_route=\/wp\/v2\/media\/20866"}],"wp:attachment":[{"href":"https:\/\/tacuarembo.gub.uy\/index.php?rest_route=%2Fwp%2Fv2%2Fmedia&parent=20865"}],"wp:term":[{"taxonomy":"category","embeddable":true,"href":"https:\/\/tacuarembo.gub.uy\/index.php?rest_route=%2Fwp%2Fv2%2Fcategories&post=20865"},{"taxonomy":"post_tag","embeddable":true,"href":"https:\/\/tacuarembo.gub.uy\/index.php?rest_route=%2Fwp%2Fv2%2Ftags&post=20865"}],"curies":[{"name":"wp","href":"https:\/\/api.w.org\/{rel}","templated":true}]}}