{"id":2086,"date":"2019-02-20T18:17:28","date_gmt":"2019-02-20T18:17:28","guid":{"rendered":"https:\/\/tacuarembo.gub.uy\/?p=2086"},"modified":"2019-02-20T18:18:22","modified_gmt":"2019-02-20T18:18:22","slug":"el-latu-y-la-idt-junto-a-las-demas-intendencias-del-noreste-uruguayo-lanzaron-un-programa-de-fortalecimiento-empresarial-en-el-sector-maderero-y-arrocero","status":"publish","type":"post","link":"https:\/\/tacuarembo.gub.uy\/?p=2086","title":{"rendered":"El LATU y la IDT junto a las dem\u00e1s intendencias del Noreste Uruguayo lanzaron un programa de fortalecimiento empresarial en el sector maderero y arrocero"},"content":{"rendered":"\n<p>La iniciativa apunta  a estimular el crecimiento de peque\u00f1as y medianas empresas que se movilizan en la regi\u00f3n en estos dos ejes productivos  sumando conocimiento y oportunidades en los departamentos de Treinta y Tres, Cerro Largo, Rivera y Tacuaremb\u00f3.<br>Se lanz\u00f3 en Tacuaremb\u00f3 la convocatoria para t\u00e9cnicos locales para el proyecto de fortalecimiento de desarrollo territorial en el noreste uruguayo<br>Este mi\u00e9rcoles se lanz\u00f3 la convocatoria a t\u00e9cnicos locales para la participaci\u00f3n en el proyecto Fortalecimiento del Desarrollo Territorial y de MYPES del noreste uruguayo, realizada por el Laboratorio Tecnol\u00f3gico del Uruguay y el Banco de Desarrollo de Am\u00e9rica Latina, en coordinaci\u00f3n con las intendencias de Rivera, Tacuaremb\u00f3, Cerro Largo y Treinta y Tres.<br>La convocatoria est\u00e1 dirigida a egresados o estudiantes avanzados de las carreras universitarias o t\u00e9cnicas radicadas en Rivera, Tacuaremb\u00f3, Cerro Largo y Treinta y Tres, de carreras como administraci\u00f3n, econom\u00eda, tecnolog\u00edas, relacionadas a los sectores de la madera y el arroz.<br>El proyecto ofrece m\u00e1s de 80 horas de capacitaci\u00f3n para 20 t\u00e9cnicos locales en desarrollo econ\u00f3mico territorial, emprendedurismo y modelo de negocios, innovaci\u00f3n enfocada a MYPES, tecnolog\u00edas de gesti\u00f3n, metrolog\u00eda, comercializaci\u00f3n y marketing, gesti\u00f3n econ\u00f3mica financiera y diagn\u00f3stico de empresas con el apoyo de la Agencia Nacional de Desarrollo y la Universidad Tecnol\u00f3gica. El plazo para inscribirse vence el 1\u00ba de marzo. <br>Durante el evento el presidente del LATU Ing. Fernando Font\u00e1n destac\u00f3 que el proyecto busca fortalecer capacidades que ya existen en la regi\u00f3n para que una vez que termine el proyecto los t\u00e9cnicos locales capacitados van a seguir trabajando. Adem\u00e1s resalt\u00f3 la importancia de cada uno de los actores que participan en el proyecto, que permiten hacer el proyecto \u201chacer el proyecto m\u00e1s potente y de mayor alcance\u201d. <\/p>\n\n\n\n<p>Por su parte, el Ejecutivo del Banco de Desarrollo de Am\u00e9rica Latina, Adolfo Castej\u00f3n, se\u00f1al\u00f3 que se trata del segundo proyecto de este tipo que lleva adelante con el LATU y expres\u00f3 su convencimiento de que a trav\u00e9s del desarrollo de capacidades se puede mejorar la productividad y la competitividad de las empresas. <br>El cierre estuvo a cargo del intendente de Tacuaremb\u00f3 Eber Da Rosa, quien plante\u00f3 que el acuerdo con el LATU forma parte de un proceso que la Intendencia viene llevando adelante y destac\u00f3 la presencia de la CAF en el proyecto por su seriedad y su compromiso con el desarrollo. \u201cSi queremos mejorar las capacidades de desarrollo tenemos que mejorar recursos. Nos basta solo con tener recursos econ\u00f3micos, hay que tener recursos humanos\u201d, agreg\u00f3. En el video que compartimos  que sigue al articulo compartimos  el mensaje del Presidente del Latu Ing Fernando Font\u00e1n  y del Intendente de Tacuaremb\u00f3 Eber Da Rosa.<\/p>\n\n\n\n<iframe loading=\"lazy\" width=\"729\" height=\"410\" src=\"https:\/\/www.youtube.com\/embed\/SQISOF6lbCQ\" frameborder=\"0\" allow=\"accelerometer; autoplay; encrypted-media; gyroscope; picture-in-picture\" allowfullscreen><\/iframe>\n\n\n\n\t\t<style type=\"text\/css\">\n\t\t\t#gallery-1 {\n\t\t\t\tmargin: auto;\n\t\t\t}\n\t\t\t#gallery-1 .gallery-item {\n\t\t\t\tfloat: left;\n\t\t\t\tmargin-top: 10px;\n\t\t\t\ttext-align: center;\n\t\t\t\twidth: 33%;\n\t\t\t}\n\t\t\t#gallery-1 img {\n\t\t\t\tborder: 2px solid #cfcfcf;\n\t\t\t}\n\t\t\t#gallery-1 .gallery-caption {\n\t\t\t\tmargin-left: 0;\n\t\t\t}\n\t\t\t\/* see gallery_shortcode() in wp-includes\/media.php *\/\n\t\t<\/style>\n\t\t<div id='gallery-1' class='gallery galleryid-2086 gallery-columns-3 gallery-size-thumbnail'><dl class='gallery-item'>\n\t\t\t<dt class='gallery-icon landscape'>\n\t\t\t\t<a href='https:\/\/tacuarembo.gub.uy\/wp-content\/uploads\/WhatsApp-Image-2019-02-20-at-14.55.04.jpeg'><img loading=\"lazy\" decoding=\"async\" width=\"200\" height=\"140\" src=\"https:\/\/tacuarembo.gub.uy\/wp-content\/uploads\/WhatsApp-Image-2019-02-20-at-14.55.04-200x140.jpeg\" class=\"attachment-thumbnail size-thumbnail\" alt=\"\" \/><\/a>\n\t\t\t<\/dt><\/dl><dl class='gallery-item'>\n\t\t\t<dt class='gallery-icon landscape'>\n\t\t\t\t<a href='https:\/\/tacuarembo.gub.uy\/wp-content\/uploads\/WhatsApp-Image-2019-02-20-at-14.55.17.jpeg'><img loading=\"lazy\" decoding=\"async\" width=\"200\" height=\"140\" src=\"https:\/\/tacuarembo.gub.uy\/wp-content\/uploads\/WhatsApp-Image-2019-02-20-at-14.55.17-200x140.jpeg\" class=\"attachment-thumbnail size-thumbnail\" alt=\"\" \/><\/a>\n\t\t\t<\/dt><\/dl><dl class='gallery-item'>\n\t\t\t<dt class='gallery-icon landscape'>\n\t\t\t\t<a href='https:\/\/tacuarembo.gub.uy\/wp-content\/uploads\/WhatsApp-Image-2019-02-20-at-14.55.27.jpeg'><img loading=\"lazy\" decoding=\"async\" width=\"200\" height=\"140\" src=\"https:\/\/tacuarembo.gub.uy\/wp-content\/uploads\/WhatsApp-Image-2019-02-20-at-14.55.27-200x140.jpeg\" class=\"attachment-thumbnail size-thumbnail\" alt=\"\" \/><\/a>\n\t\t\t<\/dt><\/dl><br style=\"clear: both\" \/><dl class='gallery-item'>\n\t\t\t<dt class='gallery-icon landscape'>\n\t\t\t\t<a href='https:\/\/tacuarembo.gub.uy\/wp-content\/uploads\/WhatsApp-Image-2019-02-20-at-14.55.39.jpeg'><img loading=\"lazy\" decoding=\"async\" width=\"200\" height=\"140\" src=\"https:\/\/tacuarembo.gub.uy\/wp-content\/uploads\/WhatsApp-Image-2019-02-20-at-14.55.39-200x140.jpeg\" class=\"attachment-thumbnail size-thumbnail\" alt=\"\" \/><\/a>\n\t\t\t<\/dt><\/dl><dl class='gallery-item'>\n\t\t\t<dt class='gallery-icon landscape'>\n\t\t\t\t<a href='https:\/\/tacuarembo.gub.uy\/wp-content\/uploads\/WhatsApp-Image-2019-02-20-at-14.55.55.jpeg'><img loading=\"lazy\" decoding=\"async\" width=\"200\" height=\"140\" src=\"https:\/\/tacuarembo.gub.uy\/wp-content\/uploads\/WhatsApp-Image-2019-02-20-at-14.55.55-200x140.jpeg\" class=\"attachment-thumbnail size-thumbnail\" alt=\"\" \/><\/a>\n\t\t\t<\/dt><\/dl><dl class='gallery-item'>\n\t\t\t<dt class='gallery-icon landscape'>\n\t\t\t\t<a href='https:\/\/tacuarembo.gub.uy\/wp-content\/uploads\/WhatsApp-Image-2019-02-20-at-14.56.17.jpeg'><img loading=\"lazy\" decoding=\"async\" width=\"200\" height=\"140\" src=\"https:\/\/tacuarembo.gub.uy\/wp-content\/uploads\/WhatsApp-Image-2019-02-20-at-14.56.17-200x140.jpeg\" class=\"attachment-thumbnail size-thumbnail\" alt=\"\" \/><\/a>\n\t\t\t<\/dt><\/dl><br style=\"clear: both\" \/><dl class='gallery-item'>\n\t\t\t<dt class='gallery-icon landscape'>\n\t\t\t\t<a href='https:\/\/tacuarembo.gub.uy\/wp-content\/uploads\/WhatsApp-Image-2019-02-20-at-14.56.29.jpeg'><img loading=\"lazy\" decoding=\"async\" width=\"200\" height=\"140\" src=\"https:\/\/tacuarembo.gub.uy\/wp-content\/uploads\/WhatsApp-Image-2019-02-20-at-14.56.29-200x140.jpeg\" class=\"attachment-thumbnail size-thumbnail\" alt=\"\" \/><\/a>\n\t\t\t<\/dt><\/dl>\n\t\t\t<br style='clear: both' \/>\n\t\t<\/div>\n","protected":false},"excerpt":{"rendered":"<p>La iniciativa apunta a estimular el crecimiento de peque\u00f1as y medianas empresas que se movilizan en la regi\u00f3n en estos dos ejes productivos sumando conocimiento y oportunidades en los departamentos de Treinta y Tres, Cerro Largo, Rivera y Tacuaremb\u00f3.<\/p>\n","protected":false},"author":3,"featured_media":2089,"comment_status":"open","ping_status":"open","sticky":false,"template":"","format":"standard","meta":{"_eb_attr":"","footnotes":""},"categories":[16],"tags":[],"class_list":{"0":"post-2086","1":"post","2":"type-post","3":"status-publish","4":"format-standard","5":"has-post-thumbnail","7":"category-noticias"},"_links":{"self":[{"href":"https:\/\/tacuarembo.gub.uy\/index.php?rest_route=\/wp\/v2\/posts\/2086","targetHints":{"allow":["GET"]}}],"collection":[{"href":"https:\/\/tacuarembo.gub.uy\/index.php?rest_route=\/wp\/v2\/posts"}],"about":[{"href":"https:\/\/tacuarembo.gub.uy\/index.php?rest_route=\/wp\/v2\/types\/post"}],"author":[{"embeddable":true,"href":"https:\/\/tacuarembo.gub.uy\/index.php?rest_route=\/wp\/v2\/users\/3"}],"replies":[{"embeddable":true,"href":"https:\/\/tacuarembo.gub.uy\/index.php?rest_route=%2Fwp%2Fv2%2Fcomments&post=2086"}],"version-history":[{"count":1,"href":"https:\/\/tacuarembo.gub.uy\/index.php?rest_route=\/wp\/v2\/posts\/2086\/revisions"}],"predecessor-version":[{"id":2094,"href":"https:\/\/tacuarembo.gub.uy\/index.php?rest_route=\/wp\/v2\/posts\/2086\/revisions\/2094"}],"wp:featuredmedia":[{"embeddable":true,"href":"https:\/\/tacuarembo.gub.uy\/index.php?rest_route=\/wp\/v2\/media\/2089"}],"wp:attachment":[{"href":"https:\/\/tacuarembo.gub.uy\/index.php?rest_route=%2Fwp%2Fv2%2Fmedia&parent=2086"}],"wp:term":[{"taxonomy":"category","embeddable":true,"href":"https:\/\/tacuarembo.gub.uy\/index.php?rest_route=%2Fwp%2Fv2%2Fcategories&post=2086"},{"taxonomy":"post_tag","embeddable":true,"href":"https:\/\/tacuarembo.gub.uy\/index.php?rest_route=%2Fwp%2Fv2%2Ftags&post=2086"}],"curies":[{"name":"wp","href":"https:\/\/api.w.org\/{rel}","templated":true}]}}