{"id":2058,"date":"2019-02-19T17:54:32","date_gmt":"2019-02-19T17:54:32","guid":{"rendered":"https:\/\/tacuarembo.gub.uy\/?p=2058"},"modified":"2019-02-19T18:16:30","modified_gmt":"2019-02-19T18:16:30","slug":"intendente-eber-da-rosa-visita-bage","status":"publish","type":"post","link":"https:\/\/tacuarembo.gub.uy\/?p=2058","title":{"rendered":"Intendente Eber Da Rosa visita Bag\u00e9"},"content":{"rendered":"\n<p>En el marco de un acercamiento y de establecer un acuerdo de cooperaci\u00f3n cultural, integrantes de la Comisi\u00f3n Organizadora de la Fiesta de la Patria Gaucha viajaron junto al Intendente Eber Da Rosa para visitar las ciudades de Bag\u00e9 y Yaguar\u00f3n pr\u00f3ximas con la frontera uruguaya. La idea es estrechar v\u00ednculos con instituciones y las agrupaciones tradicionalistas Riograndenses  a los efectos de fortalecer la vigencia de la tradici\u00f3n en la regi\u00f3n y poder invitar a ciudadanos brasile\u00f1os a sumarse a nuestra principal Fiesta que se desarrollar\u00e1 desde el  12 al 17 de Marzo.<\/p>\n\n\n\n\t\t<style type=\"text\/css\">\n\t\t\t#gallery-1 {\n\t\t\t\tmargin: auto;\n\t\t\t}\n\t\t\t#gallery-1 .gallery-item {\n\t\t\t\tfloat: left;\n\t\t\t\tmargin-top: 10px;\n\t\t\t\ttext-align: center;\n\t\t\t\twidth: 33%;\n\t\t\t}\n\t\t\t#gallery-1 img {\n\t\t\t\tborder: 2px solid #cfcfcf;\n\t\t\t}\n\t\t\t#gallery-1 .gallery-caption {\n\t\t\t\tmargin-left: 0;\n\t\t\t}\n\t\t\t\/* see gallery_shortcode() in wp-includes\/media.php *\/\n\t\t<\/style>\n\t\t<div id='gallery-1' class='gallery galleryid-2058 gallery-columns-3 gallery-size-thumbnail'><dl class='gallery-item'>\n\t\t\t<dt class='gallery-icon landscape'>\n\t\t\t\t<a href='https:\/\/tacuarembo.gub.uy\/wp-content\/uploads\/WhatsApp-Image-2019-02-19-at-14.40.03.jpeg'><img loading=\"lazy\" decoding=\"async\" width=\"200\" height=\"140\" src=\"https:\/\/tacuarembo.gub.uy\/wp-content\/uploads\/WhatsApp-Image-2019-02-19-at-14.40.03-200x140.jpeg\" class=\"attachment-thumbnail size-thumbnail\" alt=\"\" \/><\/a>\n\t\t\t<\/dt><\/dl><dl class='gallery-item'>\n\t\t\t<dt class='gallery-icon portrait'>\n\t\t\t\t<a href='https:\/\/tacuarembo.gub.uy\/wp-content\/uploads\/WhatsApp-Image-2019-02-19-at-14.40.24.jpeg'><img loading=\"lazy\" decoding=\"async\" width=\"200\" height=\"140\" src=\"https:\/\/tacuarembo.gub.uy\/wp-content\/uploads\/WhatsApp-Image-2019-02-19-at-14.40.24-200x140.jpeg\" class=\"attachment-thumbnail size-thumbnail\" alt=\"\" \/><\/a>\n\t\t\t<\/dt><\/dl><dl class='gallery-item'>\n\t\t\t<dt class='gallery-icon landscape'>\n\t\t\t\t<a href='https:\/\/tacuarembo.gub.uy\/wp-content\/uploads\/WhatsApp-Image-2019-02-19-at-14.40.40.jpeg'><img loading=\"lazy\" decoding=\"async\" width=\"200\" height=\"140\" src=\"https:\/\/tacuarembo.gub.uy\/wp-content\/uploads\/WhatsApp-Image-2019-02-19-at-14.40.40-200x140.jpeg\" class=\"attachment-thumbnail size-thumbnail\" alt=\"\" \/><\/a>\n\t\t\t<\/dt><\/dl><br style=\"clear: both\" \/><dl class='gallery-item'>\n\t\t\t<dt class='gallery-icon landscape'>\n\t\t\t\t<a href='https:\/\/tacuarembo.gub.uy\/wp-content\/uploads\/WhatsApp-Image-2019-02-19-at-14.40.56.jpeg'><img loading=\"lazy\" decoding=\"async\" width=\"200\" height=\"140\" src=\"https:\/\/tacuarembo.gub.uy\/wp-content\/uploads\/WhatsApp-Image-2019-02-19-at-14.40.56-200x140.jpeg\" class=\"attachment-thumbnail size-thumbnail\" alt=\"\" \/><\/a>\n\t\t\t<\/dt><\/dl><dl class='gallery-item'>\n\t\t\t<dt class='gallery-icon landscape'>\n\t\t\t\t<a href='https:\/\/tacuarembo.gub.uy\/wp-content\/uploads\/WhatsApp-Image-2019-02-19-at-14.41.27.jpeg'><img loading=\"lazy\" decoding=\"async\" width=\"200\" height=\"140\" src=\"https:\/\/tacuarembo.gub.uy\/wp-content\/uploads\/WhatsApp-Image-2019-02-19-at-14.41.27-200x140.jpeg\" class=\"attachment-thumbnail size-thumbnail\" alt=\"\" \/><\/a>\n\t\t\t<\/dt><\/dl><dl class='gallery-item'>\n\t\t\t<dt class='gallery-icon portrait'>\n\t\t\t\t<a href='https:\/\/tacuarembo.gub.uy\/wp-content\/uploads\/WhatsApp-Image-2019-02-19-at-14.41.42.jpeg'><img loading=\"lazy\" decoding=\"async\" width=\"200\" height=\"140\" src=\"https:\/\/tacuarembo.gub.uy\/wp-content\/uploads\/WhatsApp-Image-2019-02-19-at-14.41.42-200x140.jpeg\" class=\"attachment-thumbnail size-thumbnail\" alt=\"\" \/><\/a>\n\t\t\t<\/dt><\/dl><br style=\"clear: both\" \/>\n\t\t<\/div>\n","protected":false},"excerpt":{"rendered":"<p>En el marco de un acercamiento y de establecer un acuerdo de cooperaci\u00f3n cultural, integrantes de la Comisi\u00f3n Organizadora de la Fiesta de la Patria Gaucha viajaron junto al Intendente Eber Da Rosa para visitar las ciudades de Bag\u00e9 y Yaguar\u00f3n pr\u00f3ximas con la frontera uruguaya.<\/p>\n","protected":false},"author":3,"featured_media":0,"comment_status":"open","ping_status":"open","sticky":false,"template":"","format":"standard","meta":{"_eb_attr":"","footnotes":""},"categories":[16],"tags":[],"class_list":{"0":"post-2058","1":"post","2":"type-post","3":"status-publish","4":"format-standard","6":"category-noticias"},"_links":{"self":[{"href":"https:\/\/tacuarembo.gub.uy\/index.php?rest_route=\/wp\/v2\/posts\/2058","targetHints":{"allow":["GET"]}}],"collection":[{"href":"https:\/\/tacuarembo.gub.uy\/index.php?rest_route=\/wp\/v2\/posts"}],"about":[{"href":"https:\/\/tacuarembo.gub.uy\/index.php?rest_route=\/wp\/v2\/types\/post"}],"author":[{"embeddable":true,"href":"https:\/\/tacuarembo.gub.uy\/index.php?rest_route=\/wp\/v2\/users\/3"}],"replies":[{"embeddable":true,"href":"https:\/\/tacuarembo.gub.uy\/index.php?rest_route=%2Fwp%2Fv2%2Fcomments&post=2058"}],"version-history":[{"count":4,"href":"https:\/\/tacuarembo.gub.uy\/index.php?rest_route=\/wp\/v2\/posts\/2058\/revisions"}],"predecessor-version":[{"id":2080,"href":"https:\/\/tacuarembo.gub.uy\/index.php?rest_route=\/wp\/v2\/posts\/2058\/revisions\/2080"}],"wp:attachment":[{"href":"https:\/\/tacuarembo.gub.uy\/index.php?rest_route=%2Fwp%2Fv2%2Fmedia&parent=2058"}],"wp:term":[{"taxonomy":"category","embeddable":true,"href":"https:\/\/tacuarembo.gub.uy\/index.php?rest_route=%2Fwp%2Fv2%2Fcategories&post=2058"},{"taxonomy":"post_tag","embeddable":true,"href":"https:\/\/tacuarembo.gub.uy\/index.php?rest_route=%2Fwp%2Fv2%2Ftags&post=2058"}],"curies":[{"name":"wp","href":"https:\/\/api.w.org\/{rel}","templated":true}]}}