{"id":20317,"date":"2023-05-23T22:10:05","date_gmt":"2023-05-24T01:10:05","guid":{"rendered":"https:\/\/tacuarembo.gub.uy\/?p=20317"},"modified":"2023-05-23T22:10:06","modified_gmt":"2023-05-24T01:10:06","slug":"idt-realizo-el-lanzamiento-del-programa-mini-rugby-en-los-barrios","status":"publish","type":"post","link":"https:\/\/tacuarembo.gub.uy\/?p=20317","title":{"rendered":"IDT realiz\u00f3 el lanzamiento del Programa Mini Rugby en los barrios"},"content":{"rendered":"\n<p>El director de Deportes, Math\u00edas Grizutti, resalt\u00f3 que es un proyecto que se ejecuta en los barrios y que tiene al deporte como elemento socializador y transmisor de valores. El a\u00f1o pasado \u201ctuvimos la primera edici\u00f3n y fue un \u00e9xito, mientras que ahora habr\u00e1 una segunda etapa\u201d.<\/p>\n\n\n\n<p>Por lo tanto, \u201ceste a\u00f1o, junto al Club San Javier de Rugby, decidimos dar un pasito m\u00e1s y volver a hacer este programa que nos da mucha satisfacci\u00f3n\u201d.<\/p>\n\n\n\n<p>Se comenzar\u00e1 el 3 de junio y las inscripciones ya est\u00e1n abiertas en el Centro Barrio N\u00b0 6 y el Centro de Barrio N\u00b0 7, en los barrios Santa Isabel, Los Molles y Centenario. Podr\u00e1n anotarse ni\u00f1os a partir de los ocho a\u00f1os y tambi\u00e9n adolescentes que quieran sumarse.<\/p>\n\n\n\n<p>Asimismo, agradeci\u00f3 el apoyo de la Uni\u00f3n de Rugby del Uruguay, la Direcci\u00f3n General de Desarrollo Social, la empresa Arboreal y la Agroveterinaria Don Joaqu\u00edn que \u201cnos ayudar\u00e1n con materiales, meriendas para los chiquilines y transporte\u201d.<\/p>\n\n\n\n<p>Grizutti remarc\u00f3 que estas acciones se enmarcan dentro de pol\u00edtica deportiva departamental que el intendente Wilson Ezquerra quiere llevar a cabo en nuestro departamento con la finalidad de que no todo est\u00e9 centralizado, sino que \u00abpodamos salir tambi\u00e9n a los barrios\u201d.<\/p>\n\n\n\n<p>Adelant\u00f3 que no se descarta la posibilidad de trasladar el proyecto a otras zonas del departamento, al tiempo que indic\u00f3 que los chiquilines \u00abya demostraron un gran inter\u00e9s en la propuesta y queremos doblegar el esfuerzo, involucrando a m\u00e1s instituciones y nuevamente se har\u00e1 foco en la solidaridad, la empat\u00eda, y el autocontrol a trav\u00e9s del juego\u00bb.<\/p>\n\n\n<p><img loading=\"lazy\" decoding=\"async\" width=\"1131\" height=\"1600\" class=\"alignnone size-full wp-image-20319\" src=\"https:\/\/tacuarembo.gub.uy\/wp-content\/uploads\/IMG-20230523-WA0067.jpg\" alt=\"\" srcset=\"https:\/\/tacuarembo.gub.uy\/wp-content\/uploads\/IMG-20230523-WA0067.jpg 1131w, https:\/\/tacuarembo.gub.uy\/wp-content\/uploads\/IMG-20230523-WA0067-768x1086.jpg 768w, https:\/\/tacuarembo.gub.uy\/wp-content\/uploads\/IMG-20230523-WA0067-1086x1536.jpg 1086w\" sizes=\"auto, (max-width: 1131px) 100vw, 1131px\" \/><\/p>","protected":false},"excerpt":{"rendered":"<p>El director de Deportes, Math\u00edas Grizutti, resalt\u00f3 que es un proyecto que se ejecuta en los barrios y que tiene al deporte como elemento socializador y transmisor de valores. El a\u00f1o pasado \u201ctuvimos la primera edici\u00f3n y fue un \u00e9xito, mientras que ahora habr\u00e1 una segunda etapa\u201d.<\/p>\n","protected":false},"author":3,"featured_media":20318,"comment_status":"open","ping_status":"open","sticky":false,"template":"","format":"standard","meta":{"_eb_attr":"","footnotes":""},"categories":[31,16],"tags":[],"class_list":{"0":"post-20317","1":"post","2":"type-post","3":"status-publish","4":"format-standard","5":"has-post-thumbnail","7":"category-deportes","8":"category-noticias"},"_links":{"self":[{"href":"https:\/\/tacuarembo.gub.uy\/index.php?rest_route=\/wp\/v2\/posts\/20317","targetHints":{"allow":["GET"]}}],"collection":[{"href":"https:\/\/tacuarembo.gub.uy\/index.php?rest_route=\/wp\/v2\/posts"}],"about":[{"href":"https:\/\/tacuarembo.gub.uy\/index.php?rest_route=\/wp\/v2\/types\/post"}],"author":[{"embeddable":true,"href":"https:\/\/tacuarembo.gub.uy\/index.php?rest_route=\/wp\/v2\/users\/3"}],"replies":[{"embeddable":true,"href":"https:\/\/tacuarembo.gub.uy\/index.php?rest_route=%2Fwp%2Fv2%2Fcomments&post=20317"}],"version-history":[{"count":1,"href":"https:\/\/tacuarembo.gub.uy\/index.php?rest_route=\/wp\/v2\/posts\/20317\/revisions"}],"predecessor-version":[{"id":20320,"href":"https:\/\/tacuarembo.gub.uy\/index.php?rest_route=\/wp\/v2\/posts\/20317\/revisions\/20320"}],"wp:featuredmedia":[{"embeddable":true,"href":"https:\/\/tacuarembo.gub.uy\/index.php?rest_route=\/wp\/v2\/media\/20318"}],"wp:attachment":[{"href":"https:\/\/tacuarembo.gub.uy\/index.php?rest_route=%2Fwp%2Fv2%2Fmedia&parent=20317"}],"wp:term":[{"taxonomy":"category","embeddable":true,"href":"https:\/\/tacuarembo.gub.uy\/index.php?rest_route=%2Fwp%2Fv2%2Fcategories&post=20317"},{"taxonomy":"post_tag","embeddable":true,"href":"https:\/\/tacuarembo.gub.uy\/index.php?rest_route=%2Fwp%2Fv2%2Ftags&post=20317"}],"curies":[{"name":"wp","href":"https:\/\/api.w.org\/{rel}","templated":true}]}}