{"id":20304,"date":"2023-05-23T22:00:27","date_gmt":"2023-05-24T01:00:27","guid":{"rendered":"https:\/\/tacuarembo.gub.uy\/?p=20304"},"modified":"2023-05-23T22:03:09","modified_gmt":"2023-05-24T01:03:09","slug":"cierre-del-mes-del-libro-contara-con-una-marcha-y-suelta-de-ejemplares","status":"publish","type":"post","link":"https:\/\/tacuarembo.gub.uy\/?p=20304","title":{"rendered":"Cierre del Mes del Libro contar\u00e1 con una marcha y suelta de ejemplares"},"content":{"rendered":"\n<p>El director general de Cultura, Carlos Arezo, destac\u00f3 la participaci\u00f3n de los centros educativos de Tacuaremb\u00f3 en las actividades organizadas por la Intendencia de Tacuaremb\u00f3, lo cual permiti\u00f3 que cada instituci\u00f3n tenga su propia propuesta de acuerdo a su realidad.<\/p>\n\n\n\n\t\t<style type=\"text\/css\">\n\t\t\t#gallery-1 {\n\t\t\t\tmargin: auto;\n\t\t\t}\n\t\t\t#gallery-1 .gallery-item {\n\t\t\t\tfloat: left;\n\t\t\t\tmargin-top: 10px;\n\t\t\t\ttext-align: center;\n\t\t\t\twidth: 33%;\n\t\t\t}\n\t\t\t#gallery-1 img {\n\t\t\t\tborder: 2px solid #cfcfcf;\n\t\t\t}\n\t\t\t#gallery-1 .gallery-caption {\n\t\t\t\tmargin-left: 0;\n\t\t\t}\n\t\t\t\/* see gallery_shortcode() in wp-includes\/media.php *\/\n\t\t<\/style>\n\t\t<div id='gallery-1' class='gallery galleryid-20304 gallery-columns-3 gallery-size-thumbnail'><dl class='gallery-item'>\n\t\t\t<dt class='gallery-icon portrait'>\n\t\t\t\t<a href='https:\/\/tacuarembo.gub.uy\/?attachment_id=20305'><img loading=\"lazy\" decoding=\"async\" width=\"200\" height=\"140\" src=\"https:\/\/tacuarembo.gub.uy\/wp-content\/uploads\/IMG-20230523-WA0057-200x140.jpg\" class=\"attachment-thumbnail size-thumbnail\" alt=\"\" \/><\/a>\n\t\t\t<\/dt><\/dl><dl class='gallery-item'>\n\t\t\t<dt class='gallery-icon portrait'>\n\t\t\t\t<a href='https:\/\/tacuarembo.gub.uy\/?attachment_id=20306'><img loading=\"lazy\" decoding=\"async\" width=\"200\" height=\"140\" src=\"https:\/\/tacuarembo.gub.uy\/wp-content\/uploads\/IMG-20230523-WA0056-200x140.jpg\" class=\"attachment-thumbnail size-thumbnail\" alt=\"\" \/><\/a>\n\t\t\t<\/dt><\/dl><dl class='gallery-item'>\n\t\t\t<dt class='gallery-icon portrait'>\n\t\t\t\t<a href='https:\/\/tacuarembo.gub.uy\/?attachment_id=20307'><img loading=\"lazy\" decoding=\"async\" width=\"200\" height=\"140\" src=\"https:\/\/tacuarembo.gub.uy\/wp-content\/uploads\/IMG-20230523-WA0055-200x140.jpg\" class=\"attachment-thumbnail size-thumbnail\" alt=\"\" \/><\/a>\n\t\t\t<\/dt><\/dl><br style=\"clear: both\" \/><dl class='gallery-item'>\n\t\t\t<dt class='gallery-icon portrait'>\n\t\t\t\t<a href='https:\/\/tacuarembo.gub.uy\/?attachment_id=20308'><img loading=\"lazy\" decoding=\"async\" width=\"200\" height=\"140\" src=\"https:\/\/tacuarembo.gub.uy\/wp-content\/uploads\/IMG-20230523-WA0054-200x140.jpg\" class=\"attachment-thumbnail size-thumbnail\" alt=\"\" \/><\/a>\n\t\t\t<\/dt><\/dl>\n\t\t\t<br style='clear: both' \/>\n\t\t<\/div>\n\n\n\n<p>En ese sentido, hizo hincapi\u00e9 en la amplia gama de propuestas para que cada lugar pueda realizar su conmemoraci\u00f3n particular.<\/p>\n\n\n\n<p>Adelant\u00f3 que en la ma\u00f1ana de este viernes 26 de mayo habr\u00e1 una marat\u00f3n de lectura en la Sala Brocco de la Casa de la Cultura y se contar\u00e1 con la visita de escritores. Record\u00f3 que durante esa jornada se conmemora el D\u00eda Nacional del Libro, por los 107 a\u00f1os de la creaci\u00f3n de la Biblioteca nacional por D\u00e1maso Antonio Larra\u00f1aga.<\/p>\n\n\n\n<p>En ese contexto, tambi\u00e9n haremos el homenaje anual de escritores de Tacuaremb\u00f3, el descubrimiento de fotograf\u00edas ampliadas para la galer\u00eda de patrimonio, disertaciones con presencia de alumnos, profesores y maestros, as\u00ed como conferencias.<\/p>\n\n\n\n<p>Por la tarde, se har\u00e1 una marcha por parte de la Escuela N.\u00ba 2, desde Plaza Col\u00f3n hasta Plaza 19 de Abril, para culminar con las acciones de lectura y una gran suelta de libros que se llevar\u00e1 a cabo con apoyo de la Junta Departamental. Esta propuesta en particular \u201cfue una sugerencia del Ministerio de Educaci\u00f3n y Cultura y consiste en el recibimiento y regalo de ejemplares\u201d, dijo Arezo. Es decir, \u201cla gente podr\u00e1 ir a buscar un libro o llevarlos para compartir con otras personas\u201d, expres\u00f3.<\/p>\n","protected":false},"excerpt":{"rendered":"<p>El director general de Cultura, Carlos Arezo, destac\u00f3 la participaci\u00f3n de los centros educativos de Tacuaremb\u00f3 en las actividades organizadas por la Intendencia de Tacuaremb\u00f3, lo cual permiti\u00f3 que cada instituci\u00f3n tenga su propia propuesta de acuerdo a su realidad<\/p>\n","protected":false},"author":3,"featured_media":20305,"comment_status":"open","ping_status":"open","sticky":false,"template":"","format":"standard","meta":{"_eb_attr":"","footnotes":""},"categories":[18,16],"tags":[],"class_list":{"0":"post-20304","1":"post","2":"type-post","3":"status-publish","4":"format-standard","5":"has-post-thumbnail","7":"category-cultura","8":"category-noticias"},"_links":{"self":[{"href":"https:\/\/tacuarembo.gub.uy\/index.php?rest_route=\/wp\/v2\/posts\/20304","targetHints":{"allow":["GET"]}}],"collection":[{"href":"https:\/\/tacuarembo.gub.uy\/index.php?rest_route=\/wp\/v2\/posts"}],"about":[{"href":"https:\/\/tacuarembo.gub.uy\/index.php?rest_route=\/wp\/v2\/types\/post"}],"author":[{"embeddable":true,"href":"https:\/\/tacuarembo.gub.uy\/index.php?rest_route=\/wp\/v2\/users\/3"}],"replies":[{"embeddable":true,"href":"https:\/\/tacuarembo.gub.uy\/index.php?rest_route=%2Fwp%2Fv2%2Fcomments&post=20304"}],"version-history":[{"count":1,"href":"https:\/\/tacuarembo.gub.uy\/index.php?rest_route=\/wp\/v2\/posts\/20304\/revisions"}],"predecessor-version":[{"id":20309,"href":"https:\/\/tacuarembo.gub.uy\/index.php?rest_route=\/wp\/v2\/posts\/20304\/revisions\/20309"}],"wp:featuredmedia":[{"embeddable":true,"href":"https:\/\/tacuarembo.gub.uy\/index.php?rest_route=\/wp\/v2\/media\/20305"}],"wp:attachment":[{"href":"https:\/\/tacuarembo.gub.uy\/index.php?rest_route=%2Fwp%2Fv2%2Fmedia&parent=20304"}],"wp:term":[{"taxonomy":"category","embeddable":true,"href":"https:\/\/tacuarembo.gub.uy\/index.php?rest_route=%2Fwp%2Fv2%2Fcategories&post=20304"},{"taxonomy":"post_tag","embeddable":true,"href":"https:\/\/tacuarembo.gub.uy\/index.php?rest_route=%2Fwp%2Fv2%2Ftags&post=20304"}],"curies":[{"name":"wp","href":"https:\/\/api.w.org\/{rel}","templated":true}]}}