{"id":20299,"date":"2023-05-23T17:43:54","date_gmt":"2023-05-23T20:43:54","guid":{"rendered":"https:\/\/tacuarembo.gub.uy\/?p=20299"},"modified":"2023-05-24T07:50:44","modified_gmt":"2023-05-24T10:50:44","slug":"cierre-de-mayo-amarillo","status":"publish","type":"post","link":"https:\/\/tacuarembo.gub.uy\/?p=20299","title":{"rendered":"CIERRE DE \u201cMAYO AMARILLO\u201d &#8211; Paso de los Toros"},"content":{"rendered":"\n<p>La Direcci\u00f3n de Tr\u00e1nsito llev\u00f3 adelante hoy en plaza Artigas, un programa con centros de estudio, como culminaci\u00f3n del Mes MAYO AMARILLO, realizando actividades alusivas enmarcadas bajo el slogan \u201cEn el tr\u00e1nsito eleg\u00ed la vida\u201d.<\/p>\n\n\n\n<figure class=\"wp-block-image size-large\"><img loading=\"lazy\" decoding=\"async\" width=\"800\" height=\"420\" src=\"https:\/\/tacuarembo.gub.uy\/wp-content\/uploads\/IMG-20230523-WA0028-800x420.jpg\" alt=\"\" class=\"wp-image-20300\"\/><\/figure>\n\n\n\n<p>Con la activa participaci\u00f3n de la educadora vial Sonya Gonz\u00e1lez y el cuerpo de inspectores, tambi\u00e9n acompa\u00f1aron el Destacamento de Bomberos, SEMI, la payasa Tit\u00ed, y centros de ense\u00f1anza como el MACC, las escuelas 109 y 141, y los liceos 1 y Santa Isabel.<\/p>\n\n\n\n<p>Tambi\u00e9n se unieron empresas que donaron chalecos y UNASEV que hizo lo propio con cascos, que fueron sorteados entre los participantes.<\/p>\n\n\n\n<figure class=\"wp-block-image size-large\"><img loading=\"lazy\" decoding=\"async\" width=\"800\" height=\"420\" src=\"https:\/\/tacuarembo.gub.uy\/wp-content\/uploads\/IMG-20230523-WA0027-800x420.jpg\" alt=\"\" class=\"wp-image-20301\"\/><\/figure>\n","protected":false},"excerpt":{"rendered":"<p>La Direcci\u00f3n de Tr\u00e1nsito llev\u00f3 adelante hoy en plaza Artigas, un programa con centros de estudio, como culminaci\u00f3n del Mes MAYO AMARILLO, realizando actividades alusivas enmarcadas bajo el slogan \u201cEn el tr\u00e1nsito eleg\u00ed la vida\u201d<\/p>\n","protected":false},"author":3,"featured_media":20300,"comment_status":"open","ping_status":"open","sticky":false,"template":"","format":"standard","meta":{"_eb_attr":"","footnotes":""},"categories":[16],"tags":[],"class_list":{"0":"post-20299","1":"post","2":"type-post","3":"status-publish","4":"format-standard","5":"has-post-thumbnail","7":"category-noticias"},"_links":{"self":[{"href":"https:\/\/tacuarembo.gub.uy\/index.php?rest_route=\/wp\/v2\/posts\/20299","targetHints":{"allow":["GET"]}}],"collection":[{"href":"https:\/\/tacuarembo.gub.uy\/index.php?rest_route=\/wp\/v2\/posts"}],"about":[{"href":"https:\/\/tacuarembo.gub.uy\/index.php?rest_route=\/wp\/v2\/types\/post"}],"author":[{"embeddable":true,"href":"https:\/\/tacuarembo.gub.uy\/index.php?rest_route=\/wp\/v2\/users\/3"}],"replies":[{"embeddable":true,"href":"https:\/\/tacuarembo.gub.uy\/index.php?rest_route=%2Fwp%2Fv2%2Fcomments&post=20299"}],"version-history":[{"count":2,"href":"https:\/\/tacuarembo.gub.uy\/index.php?rest_route=\/wp\/v2\/posts\/20299\/revisions"}],"predecessor-version":[{"id":20321,"href":"https:\/\/tacuarembo.gub.uy\/index.php?rest_route=\/wp\/v2\/posts\/20299\/revisions\/20321"}],"wp:featuredmedia":[{"embeddable":true,"href":"https:\/\/tacuarembo.gub.uy\/index.php?rest_route=\/wp\/v2\/media\/20300"}],"wp:attachment":[{"href":"https:\/\/tacuarembo.gub.uy\/index.php?rest_route=%2Fwp%2Fv2%2Fmedia&parent=20299"}],"wp:term":[{"taxonomy":"category","embeddable":true,"href":"https:\/\/tacuarembo.gub.uy\/index.php?rest_route=%2Fwp%2Fv2%2Fcategories&post=20299"},{"taxonomy":"post_tag","embeddable":true,"href":"https:\/\/tacuarembo.gub.uy\/index.php?rest_route=%2Fwp%2Fv2%2Ftags&post=20299"}],"curies":[{"name":"wp","href":"https:\/\/api.w.org\/{rel}","templated":true}]}}