{"id":20174,"date":"2023-05-17T13:00:30","date_gmt":"2023-05-17T16:00:30","guid":{"rendered":"https:\/\/tacuarembo.gub.uy\/?p=20174"},"modified":"2023-05-17T13:00:31","modified_gmt":"2023-05-17T16:00:31","slug":"se-invita-a-acompanar-el-acto-por-un-nuevo-aniversario-de-la-batalla-de-las-piedras","status":"publish","type":"post","link":"https:\/\/tacuarembo.gub.uy\/?p=20174","title":{"rendered":"Se invita a acompa\u00f1ar el acto por un nuevo aniversario de la Batalla de las Piedras"},"content":{"rendered":"\n<p>La Comisi\u00f3n Patri\u00f3tica de Tacuaremb\u00f3 informa a la poblaci\u00f3n que este jueves 18 de mayo se cumple el 212\u00b0 aniversario de la Batalla de las Piedras. Las actividades, en las que autoridades y vecinos rendir\u00e1n su homenaje, se llevar\u00e1 a cabo en la Plaza 19 de Abril.<\/p>\n\n\n\n<figure class=\"wp-block-image size-large\"><img loading=\"lazy\" decoding=\"async\" width=\"800\" height=\"420\" src=\"https:\/\/tacuarembo.gub.uy\/wp-content\/uploads\/WhatsApp-Image-2023-05-17-at-12.49.15-800x420.jpeg\" alt=\"\" class=\"wp-image-20176\"\/><\/figure>\n\n\n\n<p>En tanto, el programa se desarrollar\u00e1 de acuerdo al siguiente detalle:<\/p>\n\n\n\n<p>-Hora 07:27: Izamiento de pabellones patrios por parte de Jefatura de Polic\u00eda.<\/p>\n\n\n\n<p>-Hora 10.30: Concentraci\u00f3n c\u00edvico militar de abanderados y escoltas de instituciones y organismos p\u00fablicos y privados, ense\u00f1anza, clubes de servicio.<\/p>\n\n\n\n<p><strong>-Entonaci\u00f3n del Himno Nacional.<\/strong><\/p>\n\n\n\n<p>-Danza \u201c18 de Mayo\u201d por parte de alumnos de la Escuela N\u00b0 157 \u201cAprender\u201d, barrio Los Molles (a cargo del profesor \u00c1lvaro Cuello).<\/p>\n\n\n\n<p>-Oratoria en representaci\u00f3n de la Comisi\u00f3n Patri\u00f3tica y autoridades departamentales. Al conmemorarse el D\u00eda del Ej\u00e9rcito Nacional el mensaje estar\u00e1 a cargo del jefe del regimiento \u201cMisiones\u201d de Caballer\u00eda Blindado. N\u00b0 5, Teniente Coronel Rub\u00e9n Brum.<\/p>\n\n\n\n<p>-Ofrenda floral a cargo de la Comisi\u00f3n Patri\u00f3tica, seguida del Toque de Silencio por parte del trompa del regimiento \u201cMisiones\u201d de Caballer\u00eda Blindado. N\u00b0 5.<\/p>\n\n\n\n<p>-Marcha Mi Bandera, en primera oportunidad para ser coreada por los presentes, y en segunda oportunidad, para el retiro de delegaciones de abanderados y escoltas.<\/p>\n\n\n\n<p><strong>-Entrada del sol.<\/strong><\/p>\n\n\n\n<p>-Hora 17.52: Est\u00e1 previsto arriar los pabellones patrios por parte de Jefatura de Polic\u00eda<\/p>\n","protected":false},"excerpt":{"rendered":"<p>La Comisi\u00f3n Patri\u00f3tica de Tacuaremb\u00f3 informa a la poblaci\u00f3n que este jueves 18 de mayo se cumple el 212\u00b0 aniversario de la Batalla de las Piedras. Las actividades, en las que autoridades y vecinos rendir\u00e1n su homenaje, se llevar\u00e1 a cabo en la Plaza 19 de Abril<\/p>\n","protected":false},"author":3,"featured_media":20175,"comment_status":"open","ping_status":"open","sticky":false,"template":"","format":"standard","meta":{"_eb_attr":"","footnotes":""},"categories":[16],"tags":[],"class_list":{"0":"post-20174","1":"post","2":"type-post","3":"status-publish","4":"format-standard","5":"has-post-thumbnail","7":"category-noticias"},"_links":{"self":[{"href":"https:\/\/tacuarembo.gub.uy\/index.php?rest_route=\/wp\/v2\/posts\/20174","targetHints":{"allow":["GET"]}}],"collection":[{"href":"https:\/\/tacuarembo.gub.uy\/index.php?rest_route=\/wp\/v2\/posts"}],"about":[{"href":"https:\/\/tacuarembo.gub.uy\/index.php?rest_route=\/wp\/v2\/types\/post"}],"author":[{"embeddable":true,"href":"https:\/\/tacuarembo.gub.uy\/index.php?rest_route=\/wp\/v2\/users\/3"}],"replies":[{"embeddable":true,"href":"https:\/\/tacuarembo.gub.uy\/index.php?rest_route=%2Fwp%2Fv2%2Fcomments&post=20174"}],"version-history":[{"count":1,"href":"https:\/\/tacuarembo.gub.uy\/index.php?rest_route=\/wp\/v2\/posts\/20174\/revisions"}],"predecessor-version":[{"id":20177,"href":"https:\/\/tacuarembo.gub.uy\/index.php?rest_route=\/wp\/v2\/posts\/20174\/revisions\/20177"}],"wp:featuredmedia":[{"embeddable":true,"href":"https:\/\/tacuarembo.gub.uy\/index.php?rest_route=\/wp\/v2\/media\/20175"}],"wp:attachment":[{"href":"https:\/\/tacuarembo.gub.uy\/index.php?rest_route=%2Fwp%2Fv2%2Fmedia&parent=20174"}],"wp:term":[{"taxonomy":"category","embeddable":true,"href":"https:\/\/tacuarembo.gub.uy\/index.php?rest_route=%2Fwp%2Fv2%2Fcategories&post=20174"},{"taxonomy":"post_tag","embeddable":true,"href":"https:\/\/tacuarembo.gub.uy\/index.php?rest_route=%2Fwp%2Fv2%2Ftags&post=20174"}],"curies":[{"name":"wp","href":"https:\/\/api.w.org\/{rel}","templated":true}]}}