{"id":20148,"date":"2023-05-15T19:45:38","date_gmt":"2023-05-15T22:45:38","guid":{"rendered":"https:\/\/tacuarembo.gub.uy\/?p=20148"},"modified":"2023-05-15T19:45:39","modified_gmt":"2023-05-15T22:45:39","slug":"autoridades-nacionales-y-departamentales-entregaron-equipamiento-a-un-operador-que-se-capacito-a-traves-del-mintur","status":"publish","type":"post","link":"https:\/\/tacuarembo.gub.uy\/?p=20148","title":{"rendered":"Autoridades nacionales y departamentales entregaron equipamiento a un operador que se capacit\u00f3 a trav\u00e9s del MINTUR"},"content":{"rendered":"\n<p>Se trata del operador y gu\u00eda tur\u00edstico, Hugo Alfonso, quien recibi\u00f3 equipamiento que le permitir\u00e1 continuar fortaleciendo su propuesta de turismo astron\u00f3mico en Valle Ed\u00e9n. El material fue entregado por autoridades del Ministerio de Turismo y la Direcci\u00f3n de Turismo de la Intendencia de Tacuaremb\u00f3.<\/p>\n\n\n\n<p>De esta forma, se comenzar\u00e1 a contar con los recursos humanos y t\u00e9cnicos para capacitar m\u00e1s profesionales en esta materia en el Norte del pa\u00eds, atender adecuadamente el turismo receptivo y hacer vivir la experiencia a la sociedad de forma profesional.<\/p>\n\n\n\n<p>El director de Turismo de la IDT, Marcelo Crespi, sostuvo que \u201chemos dado un paso importante en el desarrollo del turismo astron\u00f3mico en el departamento\u00bb. A\u00f1adi\u00f3 que \u201cel operador Hugo Alfonso pudo acceder a capacitaciones durante a\u00f1o pasado -que fueron promovidas por el Mintur y la ITD- con&nbsp;el objetivo de formarse en un tema que empez\u00f3 a tener relevancia en todo el pa\u00eds. En ese contexto, las actividades realizadas en Valle Ed\u00e9n, junto a otras propuestas concretadas en la zona, hicieron de esto un producto \u00fanico\u201d.<\/p>\n\n\n\n<p>Adem\u00e1s, resalt\u00f3 que \u201cpudimos consolidar esta actividad con la entrega de equipamiento que lleg\u00f3 a trav\u00e9s del Mintur y estamos marcando tendencia y apoyando a un operador que hace muchos a\u00f1os trabaja en Tacuaremb\u00f3 para posicionar el destino y crecer\u201d.<\/p>\n\n\n\n<p>En tanto, el propio Hugo Alfonso, manifest\u00f3 que \u201ces un d\u00eda emocionante\u201d y destac\u00f3 la posibilidad de formarse en turismo astron\u00f3mico, actividad a la que defini\u00f3 como \u201cinnovadora y relativamente nueva\u201d. Agreg\u00f3 que \u201cla noche genera algo muy \u00edntimo y a la hora de guiar es sumamente importante\u201d, al tiempo que \u201cnos da la posibilidad de captar p\u00fablico extranjero y ya notamos tambi\u00e9n que en Uruguay el inter\u00e9s est\u00e1 creciendo\u201d.<\/p>\n\n\n\n<figure class=\"wp-block-embed is-provider-youtube wp-block-embed-youtube\"><div class=\"wp-block-embed__wrapper\">\n<iframe loading=\"lazy\" title=\"Astroturismo\" width=\"1080\" height=\"608\" src=\"https:\/\/www.youtube.com\/embed\/_nM448pQ5JA?feature=oembed\" frameborder=\"0\" allow=\"accelerometer; autoplay; clipboard-write; encrypted-media; gyroscope; picture-in-picture; web-share\" referrerpolicy=\"strict-origin-when-cross-origin\" allowfullscreen><\/iframe>\n<\/div><\/figure>\n\n\n\n<p>Por \u00faltimo, el director nacional de Turismo, Roque Baudean, expres\u00f3 que \u201cTacuaremb\u00f3 es un departamento que tiene muchas experiencias y hoy el turismo requiere de eso para satisfacer la demanda. Es muy importante contar con los equipos necesarios para poder llevar de buena forma lo que tiene que ver con el turismo astron\u00f3mico y creemos que es algo que va a dar muchos frutos, no s\u00f3lo en Tacuaremb\u00f3 sino tambi\u00e9n al Norte del pa\u00eds, capacitando y potenciando la oferta existente\u201d.<\/p>\n\n\n\n<p>Durante la actividad tambi\u00e9n estuvo presente el coordinador de la Regi\u00f3n Norte del Ministerio de Turismo, Santiago Esteves.<\/p>\n\n\n\n\t\t<style type=\"text\/css\">\n\t\t\t#gallery-1 {\n\t\t\t\tmargin: auto;\n\t\t\t}\n\t\t\t#gallery-1 .gallery-item {\n\t\t\t\tfloat: left;\n\t\t\t\tmargin-top: 10px;\n\t\t\t\ttext-align: center;\n\t\t\t\twidth: 33%;\n\t\t\t}\n\t\t\t#gallery-1 img {\n\t\t\t\tborder: 2px solid #cfcfcf;\n\t\t\t}\n\t\t\t#gallery-1 .gallery-caption {\n\t\t\t\tmargin-left: 0;\n\t\t\t}\n\t\t\t\/* see gallery_shortcode() in wp-includes\/media.php *\/\n\t\t<\/style>\n\t\t<div id='gallery-1' class='gallery galleryid-20148 gallery-columns-3 gallery-size-thumbnail'><dl class='gallery-item'>\n\t\t\t<dt class='gallery-icon landscape'>\n\t\t\t\t<a href='https:\/\/tacuarembo.gub.uy\/?attachment_id=20149'><img loading=\"lazy\" decoding=\"async\" width=\"200\" height=\"140\" src=\"https:\/\/tacuarembo.gub.uy\/wp-content\/uploads\/IMG-20230515-WA0049-200x140.jpg\" class=\"attachment-thumbnail size-thumbnail\" alt=\"\" \/><\/a>\n\t\t\t<\/dt><\/dl><dl class='gallery-item'>\n\t\t\t<dt class='gallery-icon landscape'>\n\t\t\t\t<a href='https:\/\/tacuarembo.gub.uy\/?attachment_id=20150'><img loading=\"lazy\" decoding=\"async\" width=\"200\" height=\"140\" src=\"https:\/\/tacuarembo.gub.uy\/wp-content\/uploads\/IMG-20230515-WA0048-200x140.jpg\" class=\"attachment-thumbnail size-thumbnail\" alt=\"\" \/><\/a>\n\t\t\t<\/dt><\/dl><dl class='gallery-item'>\n\t\t\t<dt class='gallery-icon landscape'>\n\t\t\t\t<a href='https:\/\/tacuarembo.gub.uy\/?attachment_id=20151'><img loading=\"lazy\" decoding=\"async\" width=\"200\" height=\"140\" src=\"https:\/\/tacuarembo.gub.uy\/wp-content\/uploads\/IMG-20230515-WA0047-200x140.jpg\" class=\"attachment-thumbnail size-thumbnail\" alt=\"\" \/><\/a>\n\t\t\t<\/dt><\/dl><br style=\"clear: both\" \/>\n\t\t<\/div>\n","protected":false},"excerpt":{"rendered":"<p>Se trata del operador y gu\u00eda tur\u00edstico, Hugo Alfonso, quien recibi\u00f3 equipamiento que le permitir\u00e1 continuar fortaleciendo su propuesta de turismo astron\u00f3mico en Valle Ed\u00e9n<\/p>\n","protected":false},"author":3,"featured_media":20151,"comment_status":"open","ping_status":"open","sticky":false,"template":"","format":"standard","meta":{"_eb_attr":"","footnotes":""},"categories":[16],"tags":[],"class_list":{"0":"post-20148","1":"post","2":"type-post","3":"status-publish","4":"format-standard","5":"has-post-thumbnail","7":"category-noticias"},"_links":{"self":[{"href":"https:\/\/tacuarembo.gub.uy\/index.php?rest_route=\/wp\/v2\/posts\/20148","targetHints":{"allow":["GET"]}}],"collection":[{"href":"https:\/\/tacuarembo.gub.uy\/index.php?rest_route=\/wp\/v2\/posts"}],"about":[{"href":"https:\/\/tacuarembo.gub.uy\/index.php?rest_route=\/wp\/v2\/types\/post"}],"author":[{"embeddable":true,"href":"https:\/\/tacuarembo.gub.uy\/index.php?rest_route=\/wp\/v2\/users\/3"}],"replies":[{"embeddable":true,"href":"https:\/\/tacuarembo.gub.uy\/index.php?rest_route=%2Fwp%2Fv2%2Fcomments&post=20148"}],"version-history":[{"count":1,"href":"https:\/\/tacuarembo.gub.uy\/index.php?rest_route=\/wp\/v2\/posts\/20148\/revisions"}],"predecessor-version":[{"id":20152,"href":"https:\/\/tacuarembo.gub.uy\/index.php?rest_route=\/wp\/v2\/posts\/20148\/revisions\/20152"}],"wp:featuredmedia":[{"embeddable":true,"href":"https:\/\/tacuarembo.gub.uy\/index.php?rest_route=\/wp\/v2\/media\/20151"}],"wp:attachment":[{"href":"https:\/\/tacuarembo.gub.uy\/index.php?rest_route=%2Fwp%2Fv2%2Fmedia&parent=20148"}],"wp:term":[{"taxonomy":"category","embeddable":true,"href":"https:\/\/tacuarembo.gub.uy\/index.php?rest_route=%2Fwp%2Fv2%2Fcategories&post=20148"},{"taxonomy":"post_tag","embeddable":true,"href":"https:\/\/tacuarembo.gub.uy\/index.php?rest_route=%2Fwp%2Fv2%2Ftags&post=20148"}],"curies":[{"name":"wp","href":"https:\/\/api.w.org\/{rel}","templated":true}]}}