{"id":20146,"date":"2023-05-15T17:17:24","date_gmt":"2023-05-15T20:17:24","guid":{"rendered":"https:\/\/tacuarembo.gub.uy\/?p=20146"},"modified":"2023-05-15T17:17:55","modified_gmt":"2023-05-15T20:17:55","slug":"comision-patriotica-de-tacuarembo1811-18-de-mayo-2023batalla-de-las-piedrasdia-del-ejercito-nacional-dia-del-arbol","status":"publish","type":"post","link":"https:\/\/tacuarembo.gub.uy\/?p=20146","title":{"rendered":"Comisi\u00f3n Patri\u00f3tica de Tacuaremb\u00f31811 \u2013 18 de Mayo &#8211; 2023Batalla de las PiedrasD\u00eda del Ej\u00e9rcito Nacional \u2013 D\u00eda del \u00c1rbol"},"content":{"rendered":"\n<p><\/p>\n\n\n\n<p>PROGRAMA<\/p>\n\n\n\n<p>JUEVES 18 DE MAYO<\/p>\n\n\n\n<p>SALIDA DEL SOL:<\/p>\n\n\n\n<ul class=\"wp-block-list\">\n<li>HORA 07:27: PLAZA 19 DE ABRIL<br>IZAMIENTO DE PABELLONES PATRIOS POR PARTE DE JEFATURA DE POLIC\u00cdA<\/li>\n\n\n\n<li>HORA 10:30: PLAZA 19 DE ABRIL, CONCENTRACI\u00d3N C\u00cdVICO MILITAR DE ABANDERADOS Y ESCOLTAS DE INSTITUCIONES Y ORGANISMOS P\u00daBLICOS Y PRIVADOS, ENSE\u00d1ANZA, CLUBES DE SERVICIO.<\/li>\n<\/ul>\n\n\n\n<p>\uf0cb HIMNO NACIONAL.<\/p>\n\n\n\n<p>\uf0cb DANZA \u201c18 DE MAYO\u201d POR ALUMNOS DE LA ESCUELA N\u00b0 157 \u201cAPRENDER\u201d, BARRIO LOS MOLLES, A CARGO DEL PROF. ALVARO CUELLO.<\/p>\n\n\n\n<p>\uf0cb ORATORIA: EN REPRESENTACI\u00d3N DE LA COMISI\u00d3N PATRI\u00d3TICA Y AUTORIDADES DEPARTAMENTALES, AL CONMEMORARSE EL D\u00cdA DEL EJ\u00c9RCITO NACIONAL EL MENSAJE ESTAR\u00c1 A CARGO DEL JEFE DEL REGIMIENTO \u201cMISIONES\u201d DE CAB.BLINDADO. N\u00b0 5, TTE.CNEL. RUB\u00c9N BRUM.<\/p>\n\n\n\n<p>\uf0cb OFRENDA FLORAL: COMISI\u00d3N PATRI\u00d3TICA SEGUIDO DE TOQUE DE SILENCIO POR PARTE DEL TROMPA DEL REGIMIENTO \u201cMISIONES\u201d DE CAB. BLINDADO N\u00ba 5.<\/p>\n\n\n\n<p>\uf0cb MARCHA: MI BANDERA, EN PRIMERA OPORTUNIDAD PARA SER COREADA POR LOS PRESENTE, EN SEGUNDA OPORTUNIDAD PARA EL RETIRO DE DELEGACIONES DE ABANDERADOS Y ESCOLTAS.<\/p>\n\n\n\n<p>ENTRADA DEL SOL<\/p>\n\n\n\n<ul class=\"wp-block-list\">\n<li>HORA 17:52: ARRIAR PABELLONES PATRIOS POR PARTE DE JEFATURA DE POLIC\u00cdA LA COMISI\u00d3N PATRI\u00d3TICA DE TACUAREMB\u00d3 INVITA A LA POBLACI\u00d3N A PRESTIGIAR LOS ACTOS CON SU PRESENCIA, Y AL EMBANDERAMIENTO DE LA CIUDAD.<\/li>\n<\/ul>\n","protected":false},"excerpt":{"rendered":"<p>Programa<\/p>\n","protected":false},"author":3,"featured_media":0,"comment_status":"open","ping_status":"open","sticky":false,"template":"","format":"standard","meta":{"_eb_attr":"","footnotes":""},"categories":[38],"tags":[],"class_list":{"0":"post-20146","1":"post","2":"type-post","3":"status-publish","4":"format-standard","6":"category-comunicados-de-prensa"},"_links":{"self":[{"href":"https:\/\/tacuarembo.gub.uy\/index.php?rest_route=\/wp\/v2\/posts\/20146","targetHints":{"allow":["GET"]}}],"collection":[{"href":"https:\/\/tacuarembo.gub.uy\/index.php?rest_route=\/wp\/v2\/posts"}],"about":[{"href":"https:\/\/tacuarembo.gub.uy\/index.php?rest_route=\/wp\/v2\/types\/post"}],"author":[{"embeddable":true,"href":"https:\/\/tacuarembo.gub.uy\/index.php?rest_route=\/wp\/v2\/users\/3"}],"replies":[{"embeddable":true,"href":"https:\/\/tacuarembo.gub.uy\/index.php?rest_route=%2Fwp%2Fv2%2Fcomments&post=20146"}],"version-history":[{"count":1,"href":"https:\/\/tacuarembo.gub.uy\/index.php?rest_route=\/wp\/v2\/posts\/20146\/revisions"}],"predecessor-version":[{"id":20147,"href":"https:\/\/tacuarembo.gub.uy\/index.php?rest_route=\/wp\/v2\/posts\/20146\/revisions\/20147"}],"wp:attachment":[{"href":"https:\/\/tacuarembo.gub.uy\/index.php?rest_route=%2Fwp%2Fv2%2Fmedia&parent=20146"}],"wp:term":[{"taxonomy":"category","embeddable":true,"href":"https:\/\/tacuarembo.gub.uy\/index.php?rest_route=%2Fwp%2Fv2%2Fcategories&post=20146"},{"taxonomy":"post_tag","embeddable":true,"href":"https:\/\/tacuarembo.gub.uy\/index.php?rest_route=%2Fwp%2Fv2%2Ftags&post=20146"}],"curies":[{"name":"wp","href":"https:\/\/api.w.org\/{rel}","templated":true}]}}