{"id":20056,"date":"2023-05-09T17:06:41","date_gmt":"2023-05-09T20:06:41","guid":{"rendered":"https:\/\/tacuarembo.gub.uy\/?p=20056"},"modified":"2023-05-09T17:06:41","modified_gmt":"2023-05-09T20:06:41","slug":"retirar-carteleria-de-la-via-publica","status":"publish","type":"post","link":"https:\/\/tacuarembo.gub.uy\/?p=20056","title":{"rendered":"Retirar carteler\u00eda de la v\u00eda p\u00fablica"},"content":{"rendered":"\n<p><br>La Intendencia de Tacuaremb\u00f3, Dir.Gral de Servicios Deptales., ante la constataci\u00f3n de la elevada cantidad de carteler\u00eda en columnas, monumentos y \u00e1rboles del ornato p\u00fablico, informa que los mismos se deber\u00e1n retirar a partir del 10 de mayo por parte de quienes los hayan colocado, teniendo para ello un per\u00edodo de 15 d\u00edas, de lo contrario, y cumpliendo con la ordenanza vigente al respecto, la citada Direcci\u00f3n proceder\u00e1 al retiro de los mismos, logrando as\u00ed el aspecto limpio que debe tener la ciudad, y, en algunos casos, contribuir a lograr mayor visibilidad.<\/p>\n","protected":false},"excerpt":{"rendered":"<p>La Intendencia de Tacuaremb\u00f3, Dir.Gral de Servicios Deptales., ante la constataci\u00f3n de la elevada cantidad de carteler\u00eda en columnas, monumentos y \u00e1rboles del ornato p\u00fablico, informa que los mismos se deber\u00e1n retirar a partir del 10 de mayo por parte de quienes los hayan colocado, teniendo para ello un per\u00edodo de 15 d\u00edas<\/p>\n","protected":false},"author":3,"featured_media":0,"comment_status":"open","ping_status":"open","sticky":false,"template":"","format":"standard","meta":{"_eb_attr":"","footnotes":""},"categories":[38],"tags":[],"class_list":{"0":"post-20056","1":"post","2":"type-post","3":"status-publish","4":"format-standard","6":"category-comunicados-de-prensa"},"_links":{"self":[{"href":"https:\/\/tacuarembo.gub.uy\/index.php?rest_route=\/wp\/v2\/posts\/20056","targetHints":{"allow":["GET"]}}],"collection":[{"href":"https:\/\/tacuarembo.gub.uy\/index.php?rest_route=\/wp\/v2\/posts"}],"about":[{"href":"https:\/\/tacuarembo.gub.uy\/index.php?rest_route=\/wp\/v2\/types\/post"}],"author":[{"embeddable":true,"href":"https:\/\/tacuarembo.gub.uy\/index.php?rest_route=\/wp\/v2\/users\/3"}],"replies":[{"embeddable":true,"href":"https:\/\/tacuarembo.gub.uy\/index.php?rest_route=%2Fwp%2Fv2%2Fcomments&post=20056"}],"version-history":[{"count":1,"href":"https:\/\/tacuarembo.gub.uy\/index.php?rest_route=\/wp\/v2\/posts\/20056\/revisions"}],"predecessor-version":[{"id":20057,"href":"https:\/\/tacuarembo.gub.uy\/index.php?rest_route=\/wp\/v2\/posts\/20056\/revisions\/20057"}],"wp:attachment":[{"href":"https:\/\/tacuarembo.gub.uy\/index.php?rest_route=%2Fwp%2Fv2%2Fmedia&parent=20056"}],"wp:term":[{"taxonomy":"category","embeddable":true,"href":"https:\/\/tacuarembo.gub.uy\/index.php?rest_route=%2Fwp%2Fv2%2Fcategories&post=20056"},{"taxonomy":"post_tag","embeddable":true,"href":"https:\/\/tacuarembo.gub.uy\/index.php?rest_route=%2Fwp%2Fv2%2Ftags&post=20056"}],"curies":[{"name":"wp","href":"https:\/\/api.w.org\/{rel}","templated":true}]}}