{"id":1994,"date":"2019-02-15T16:54:43","date_gmt":"2019-02-15T16:54:43","guid":{"rendered":"https:\/\/tacuarembo.gub.uy\/?p=1994"},"modified":"2019-02-15T16:54:43","modified_gmt":"2019-02-15T16:54:43","slug":"patria-gaucha-de-interes-nacional","status":"publish","type":"post","link":"https:\/\/tacuarembo.gub.uy\/?p=1994","title":{"rendered":"Patria Gaucha de Inter\u00e9s Nacional"},"content":{"rendered":"\n<p>M\u00e1s de 400 montas, rueda femenina, fogones, desfile, misa criolla, Abel Pintos.<br>En el Ministerio de Turismo se realiz\u00f3 el lanzamiento de la 33\u00aa.Fiesta de la Patria Gaucha que este a\u00f1o tendr\u00e1 un grilla art\u00edstica que se destaca como la m\u00e1s importante de los \u00faltimos tiempos, con la presencia entre otros de Abel Pintos, Los Huayra, Lucas Sugo y Cathi Vergnes entre otros destacados exponentes del canto. Se anunci\u00f3 que se tendr\u00e1 por primera vez una rueda femenina de jineteadas en un global que tendr\u00e1 m\u00e1s de 400 montas, adem\u00e1s de la esencia que reflejan los Fogones, la misa criolla, el desfile gaucho y el tradicional concurso de comidas criollas. Esta presentaci\u00f3n estuvo a cargo del intendente departamental Dr Eber Da Rosa y del presidente de la Comisi\u00f3n Organizadora Hugo Pereda acompa\u00f1ados por las Ministras Mar\u00eda Julia Mu\u00f1oz (MEC) y Liliam Kechichi\u00e1n ( Turismo).<\/p>\n\n\n\n<iframe loading=\"lazy\" width=\"729\" height=\"410\" src=\"https:\/\/www.youtube.com\/embed\/-g8T08b4XPc\" frameborder=\"0\" allow=\"accelerometer; autoplay; encrypted-media; gyroscope; picture-in-picture\" allowfullscreen><\/iframe>\n","protected":false},"excerpt":{"rendered":"<p>M\u00e1s de 400 montas, rueda femenina, fogones, desfile, misa criolla, Abel Pintos.<br \/>\nEn el Ministerio de Turismo se realiz\u00f3 el lanzamiento de la 33\u00aa.Fiesta de la Patria Gaucha que este a\u00f1o tendr\u00e1 un grilla art\u00edstica que se destaca como la m\u00e1s importante de los \u00faltimos tiempos, con la presencia entre otros de Abel Pintos, Los Huayra, Lucas Sugo y Cathi Vergnes entre otros destacados exponentes del canto.<\/p>\n","protected":false},"author":3,"featured_media":1995,"comment_status":"open","ping_status":"open","sticky":false,"template":"","format":"standard","meta":{"_eb_attr":"","footnotes":""},"categories":[16],"tags":[],"class_list":{"0":"post-1994","1":"post","2":"type-post","3":"status-publish","4":"format-standard","5":"has-post-thumbnail","7":"category-noticias"},"_links":{"self":[{"href":"https:\/\/tacuarembo.gub.uy\/index.php?rest_route=\/wp\/v2\/posts\/1994","targetHints":{"allow":["GET"]}}],"collection":[{"href":"https:\/\/tacuarembo.gub.uy\/index.php?rest_route=\/wp\/v2\/posts"}],"about":[{"href":"https:\/\/tacuarembo.gub.uy\/index.php?rest_route=\/wp\/v2\/types\/post"}],"author":[{"embeddable":true,"href":"https:\/\/tacuarembo.gub.uy\/index.php?rest_route=\/wp\/v2\/users\/3"}],"replies":[{"embeddable":true,"href":"https:\/\/tacuarembo.gub.uy\/index.php?rest_route=%2Fwp%2Fv2%2Fcomments&post=1994"}],"version-history":[{"count":1,"href":"https:\/\/tacuarembo.gub.uy\/index.php?rest_route=\/wp\/v2\/posts\/1994\/revisions"}],"predecessor-version":[{"id":1996,"href":"https:\/\/tacuarembo.gub.uy\/index.php?rest_route=\/wp\/v2\/posts\/1994\/revisions\/1996"}],"wp:featuredmedia":[{"embeddable":true,"href":"https:\/\/tacuarembo.gub.uy\/index.php?rest_route=\/wp\/v2\/media\/1995"}],"wp:attachment":[{"href":"https:\/\/tacuarembo.gub.uy\/index.php?rest_route=%2Fwp%2Fv2%2Fmedia&parent=1994"}],"wp:term":[{"taxonomy":"category","embeddable":true,"href":"https:\/\/tacuarembo.gub.uy\/index.php?rest_route=%2Fwp%2Fv2%2Fcategories&post=1994"},{"taxonomy":"post_tag","embeddable":true,"href":"https:\/\/tacuarembo.gub.uy\/index.php?rest_route=%2Fwp%2Fv2%2Ftags&post=1994"}],"curies":[{"name":"wp","href":"https:\/\/api.w.org\/{rel}","templated":true}]}}