{"id":19914,"date":"2023-04-27T14:21:34","date_gmt":"2023-04-27T17:21:34","guid":{"rendered":"https:\/\/tacuarembo.gub.uy\/?p=19914"},"modified":"2023-05-20T13:47:11","modified_gmt":"2023-05-20T16:47:11","slug":"ezquerra-destaco-que-el-parque-termal-de-balneario-ipora-es-un-sueno-en-grande","status":"publish","type":"post","link":"https:\/\/tacuarembo.gub.uy\/?p=19914","title":{"rendered":"Ezquerra destac\u00f3 que el Centro Termal Ipor\u00e1 \u201ces un sue\u00f1o en grande\u201d."},"content":{"rendered":"\n<p>Durante esta jornada se llev\u00f3 a cabo la presentaci\u00f3n del anteproyecto del Parque Termal de balneario Ipor\u00e1. Se trata de una idea \u201cque comenzamos a so\u00f1ar hace unos cuantos a\u00f1os, pensando en el desarrollo de un Tacuaremb\u00f3 que hoy en d\u00eda tiene un turismo de una noche y dif\u00edcilmente las personas pernoctan m\u00e1s tiempo\u201d, indic\u00f3 el intendente Wilson Ezquerra.<\/p>\n\n\n\n<p>En su discurso, sostuvo que el Parque Oribe posee 500 hect\u00e1reas, a las que \u00abqueremos darle una proyecci\u00f3n y desarrollo que propendan un turismo de m\u00e1s tiempo, la generaci\u00f3n de empleo para la poblaci\u00f3n y el ingreso de divisas. Dadas sus condiciones, cre\u00edmos que era importante desarrollar unas termas, la idea se fue formando y decidimos encararlo porque es importante para el futuro del departamento\u201d.<\/p>\n\n\n\n<p>Asegur\u00f3 que \u201cindudablemente llevar\u00e1 mucho tiempo y no hay que generar falsas expectativas porque es un proyecto muy ambicioso y un sue\u00f1o muy grande\u201d. Asimismo, felicit\u00f3 al equipo de t\u00e9cnicos y adelant\u00f3 que ya hay inter\u00e9s de inversionistas en el proyecto.<\/p>\n\n\n\n<p>En el marco de la presentaci\u00f3n, las autoridades y el p\u00fablico observaron atentamente un audiovisual sobre el referido anteproyecto del Centro Termal. Entre los presentes, estuvieron el secretario general de la IDT, Jos\u00e9 Omar Men\u00e9ndez; el director general de Obras, Yamand\u00fa Rodr\u00edguez; el director de Proyectos Pedro Permanyer; el ingeniero Fernando Porcile y el arquitecto Francisco Centuri\u00f3n.<\/p>\n\n\n\n<p>Porcile explic\u00f3 que \u201ces un gran desaf\u00edo llevar esta idea a la realidad y nuestro trabajo es hacer que en un plazo razonable est\u00e9 en funcionamiento\u201d. Destac\u00f3 el apoyo del ingeniero Alejandro Oleaga y la Consultora Ingesur en el proceso de trabajo que contempl\u00f3 el an\u00e1lisis de varios aspectos: las posibilidad de obtener agua de calidad, su temperatura, la distribuci\u00f3n y la cantidad de piscinas, dimensi\u00f3n del parque, potencialidad en cuanto a visitantes y un estudio de mercado. A partir de esos datos, \u201cse determinaron la cantidad de piscinas de acuerdo al espacio que es privilegiado y propiedad de la Intendencia de Tacuaremb\u00f3\u201d. A\u00f1adi\u00f3 que \u201cse hizo un relevamiento topogr\u00e1fico y se cont\u00f3 con el aporte de economistas, arquitectos e ingenieros\u201d.<\/p>\n\n\n\n<figure class=\"wp-block-embed is-provider-youtube wp-block-embed-youtube\"><div class=\"wp-block-embed__wrapper\">\n<iframe loading=\"lazy\" title=\"Centro Termal Ipor\u00e1 (Anteproyecto)\" width=\"1080\" height=\"608\" src=\"https:\/\/www.youtube.com\/embed\/17wzfh5KkGI?feature=oembed\" frameborder=\"0\" allow=\"accelerometer; autoplay; clipboard-write; encrypted-media; gyroscope; picture-in-picture; web-share\" referrerpolicy=\"strict-origin-when-cross-origin\" allowfullscreen><\/iframe>\n<\/div><\/figure>\n\n\n\n<p>Paralelamente, \u201cse efectu\u00f3 una presentaci\u00f3n en el Ministerio de Turismo y se trabaj\u00f3 junto a varias direcciones de la IDT para generar este anteproyecto que estamos presentando\u201d.<\/p>\n\n\n\n<p>En tanto, Centuri\u00f3n agradeci\u00f3 la confianza y opin\u00f3 que \u201ces una idea magn\u00edfica y un motor de desarrollo para Tacuaremb\u00f3. Es un parque acu\u00e1tico con caracter\u00edsticas termales, pero el proyecto es m\u00e1s ambicioso; incluye diferentes tipos de alojamiento, servicios, entretenimiento y hemos ponderado la calidad paisaj\u00edstica y ambiental, as\u00ed como la incorporaci\u00f3n de tecnolog\u00eda de \u00faltima generaci\u00f3n\u201d, expres\u00f3.<\/p>\n\n\n\n<p>Tambi\u00e9n afirm\u00f3 que se cuenta con el asesoramiento de expertos y queremos realmente generar un inter\u00e9s en los visitantes; estamos ante una propuesta innovadora y acorde a lo que es el mercado competitivo, buscando posicionar a Tacuaremb\u00f3 como destino en la regi\u00f3n.<\/p>\n\n\n\n<p>Como diferencial, destac\u00f3 que el gobierno de Tacuaremb\u00f3 est\u00e1 haciendo una apuesta importante para el pa\u00eds en materia econ\u00f3mica y de inversi\u00f3n, al tiempo que se est\u00e1 asumiendo un riesgo significativo desde el punto de vista institucional y un gran compromiso del intendente Ezquerra.<\/p>\n\n\n\n\t\t<style type=\"text\/css\">\n\t\t\t#gallery-1 {\n\t\t\t\tmargin: auto;\n\t\t\t}\n\t\t\t#gallery-1 .gallery-item {\n\t\t\t\tfloat: left;\n\t\t\t\tmargin-top: 10px;\n\t\t\t\ttext-align: center;\n\t\t\t\twidth: 33%;\n\t\t\t}\n\t\t\t#gallery-1 img {\n\t\t\t\tborder: 2px solid #cfcfcf;\n\t\t\t}\n\t\t\t#gallery-1 .gallery-caption {\n\t\t\t\tmargin-left: 0;\n\t\t\t}\n\t\t\t\/* see gallery_shortcode() in wp-includes\/media.php *\/\n\t\t<\/style>\n\t\t<div id='gallery-1' class='gallery galleryid-19914 gallery-columns-3 gallery-size-full'><dl class='gallery-item'>\n\t\t\t<dt class='gallery-icon landscape'>\n\t\t\t\t<a href='https:\/\/tacuarembo.gub.uy\/?attachment_id=19915'><img loading=\"lazy\" decoding=\"async\" width=\"1600\" height=\"900\" src=\"https:\/\/tacuarembo.gub.uy\/wp-content\/uploads\/WhatsApp-Image-2023-04-27-at-14.07.183.jpeg\" class=\"attachment-full size-full\" alt=\"\" srcset=\"https:\/\/tacuarembo.gub.uy\/wp-content\/uploads\/WhatsApp-Image-2023-04-27-at-14.07.183.jpeg 1600w, https:\/\/tacuarembo.gub.uy\/wp-content\/uploads\/WhatsApp-Image-2023-04-27-at-14.07.183-768x432.jpeg 768w, https:\/\/tacuarembo.gub.uy\/wp-content\/uploads\/WhatsApp-Image-2023-04-27-at-14.07.183-1536x864.jpeg 1536w\" sizes=\"auto, (max-width: 1600px) 100vw, 1600px\" \/><\/a>\n\t\t\t<\/dt><\/dl><dl class='gallery-item'>\n\t\t\t<dt class='gallery-icon landscape'>\n\t\t\t\t<a href='https:\/\/tacuarembo.gub.uy\/?attachment_id=19916'><img loading=\"lazy\" decoding=\"async\" width=\"1600\" height=\"900\" src=\"https:\/\/tacuarembo.gub.uy\/wp-content\/uploads\/WhatsApp-Image-2023-04-27-at-14.07.182.jpeg\" class=\"attachment-full size-full\" alt=\"\" srcset=\"https:\/\/tacuarembo.gub.uy\/wp-content\/uploads\/WhatsApp-Image-2023-04-27-at-14.07.182.jpeg 1600w, https:\/\/tacuarembo.gub.uy\/wp-content\/uploads\/WhatsApp-Image-2023-04-27-at-14.07.182-768x432.jpeg 768w, https:\/\/tacuarembo.gub.uy\/wp-content\/uploads\/WhatsApp-Image-2023-04-27-at-14.07.182-1536x864.jpeg 1536w\" sizes=\"auto, (max-width: 1600px) 100vw, 1600px\" \/><\/a>\n\t\t\t<\/dt><\/dl><dl class='gallery-item'>\n\t\t\t<dt class='gallery-icon landscape'>\n\t\t\t\t<a href='https:\/\/tacuarembo.gub.uy\/?attachment_id=19917'><img loading=\"lazy\" decoding=\"async\" width=\"1600\" height=\"900\" src=\"https:\/\/tacuarembo.gub.uy\/wp-content\/uploads\/WhatsApp-Image-2023-04-27-at-14.07.181.jpeg\" class=\"attachment-full size-full\" alt=\"\" srcset=\"https:\/\/tacuarembo.gub.uy\/wp-content\/uploads\/WhatsApp-Image-2023-04-27-at-14.07.181.jpeg 1600w, https:\/\/tacuarembo.gub.uy\/wp-content\/uploads\/WhatsApp-Image-2023-04-27-at-14.07.181-768x432.jpeg 768w, https:\/\/tacuarembo.gub.uy\/wp-content\/uploads\/WhatsApp-Image-2023-04-27-at-14.07.181-1536x864.jpeg 1536w\" sizes=\"auto, (max-width: 1600px) 100vw, 1600px\" \/><\/a>\n\t\t\t<\/dt><\/dl><br style=\"clear: both\" \/><dl class='gallery-item'>\n\t\t\t<dt class='gallery-icon landscape'>\n\t\t\t\t<a href='https:\/\/tacuarembo.gub.uy\/?attachment_id=19918'><img loading=\"lazy\" decoding=\"async\" width=\"1600\" height=\"900\" src=\"https:\/\/tacuarembo.gub.uy\/wp-content\/uploads\/WhatsApp-Image-2023-04-27-at-14.07.18.jpeg\" class=\"attachment-full size-full\" alt=\"\" srcset=\"https:\/\/tacuarembo.gub.uy\/wp-content\/uploads\/WhatsApp-Image-2023-04-27-at-14.07.18.jpeg 1600w, https:\/\/tacuarembo.gub.uy\/wp-content\/uploads\/WhatsApp-Image-2023-04-27-at-14.07.18-768x432.jpeg 768w, https:\/\/tacuarembo.gub.uy\/wp-content\/uploads\/WhatsApp-Image-2023-04-27-at-14.07.18-1536x864.jpeg 1536w\" sizes=\"auto, (max-width: 1600px) 100vw, 1600px\" \/><\/a>\n\t\t\t<\/dt><\/dl><dl class='gallery-item'>\n\t\t\t<dt class='gallery-icon landscape'>\n\t\t\t\t<a href='https:\/\/tacuarembo.gub.uy\/?attachment_id=19919'><img loading=\"lazy\" decoding=\"async\" width=\"1600\" height=\"900\" src=\"https:\/\/tacuarembo.gub.uy\/wp-content\/uploads\/WhatsApp-Image-2023-04-27-at-14.07.173.jpeg\" class=\"attachment-full size-full\" alt=\"\" srcset=\"https:\/\/tacuarembo.gub.uy\/wp-content\/uploads\/WhatsApp-Image-2023-04-27-at-14.07.173.jpeg 1600w, https:\/\/tacuarembo.gub.uy\/wp-content\/uploads\/WhatsApp-Image-2023-04-27-at-14.07.173-768x432.jpeg 768w, https:\/\/tacuarembo.gub.uy\/wp-content\/uploads\/WhatsApp-Image-2023-04-27-at-14.07.173-1536x864.jpeg 1536w\" sizes=\"auto, (max-width: 1600px) 100vw, 1600px\" \/><\/a>\n\t\t\t<\/dt><\/dl><dl class='gallery-item'>\n\t\t\t<dt class='gallery-icon landscape'>\n\t\t\t\t<a href='https:\/\/tacuarembo.gub.uy\/?attachment_id=19920'><img loading=\"lazy\" decoding=\"async\" width=\"1600\" height=\"900\" src=\"https:\/\/tacuarembo.gub.uy\/wp-content\/uploads\/WhatsApp-Image-2023-04-27-at-14.07.172.jpeg\" class=\"attachment-full size-full\" alt=\"\" srcset=\"https:\/\/tacuarembo.gub.uy\/wp-content\/uploads\/WhatsApp-Image-2023-04-27-at-14.07.172.jpeg 1600w, https:\/\/tacuarembo.gub.uy\/wp-content\/uploads\/WhatsApp-Image-2023-04-27-at-14.07.172-768x432.jpeg 768w, https:\/\/tacuarembo.gub.uy\/wp-content\/uploads\/WhatsApp-Image-2023-04-27-at-14.07.172-1536x864.jpeg 1536w\" sizes=\"auto, (max-width: 1600px) 100vw, 1600px\" \/><\/a>\n\t\t\t<\/dt><\/dl><br style=\"clear: both\" \/><dl class='gallery-item'>\n\t\t\t<dt class='gallery-icon landscape'>\n\t\t\t\t<a href='https:\/\/tacuarembo.gub.uy\/?attachment_id=19921'><img loading=\"lazy\" decoding=\"async\" width=\"1600\" height=\"900\" src=\"https:\/\/tacuarembo.gub.uy\/wp-content\/uploads\/WhatsApp-Image-2023-04-27-at-14.07.171.jpeg\" class=\"attachment-full size-full\" alt=\"\" srcset=\"https:\/\/tacuarembo.gub.uy\/wp-content\/uploads\/WhatsApp-Image-2023-04-27-at-14.07.171.jpeg 1600w, https:\/\/tacuarembo.gub.uy\/wp-content\/uploads\/WhatsApp-Image-2023-04-27-at-14.07.171-768x432.jpeg 768w, https:\/\/tacuarembo.gub.uy\/wp-content\/uploads\/WhatsApp-Image-2023-04-27-at-14.07.171-1536x864.jpeg 1536w\" sizes=\"auto, (max-width: 1600px) 100vw, 1600px\" \/><\/a>\n\t\t\t<\/dt><\/dl><dl class='gallery-item'>\n\t\t\t<dt class='gallery-icon landscape'>\n\t\t\t\t<a href='https:\/\/tacuarembo.gub.uy\/?attachment_id=19922'><img loading=\"lazy\" decoding=\"async\" width=\"1600\" height=\"900\" src=\"https:\/\/tacuarembo.gub.uy\/wp-content\/uploads\/WhatsApp-Image-2023-04-27-at-14.07.17.jpeg\" class=\"attachment-full size-full\" alt=\"\" srcset=\"https:\/\/tacuarembo.gub.uy\/wp-content\/uploads\/WhatsApp-Image-2023-04-27-at-14.07.17.jpeg 1600w, https:\/\/tacuarembo.gub.uy\/wp-content\/uploads\/WhatsApp-Image-2023-04-27-at-14.07.17-768x432.jpeg 768w, https:\/\/tacuarembo.gub.uy\/wp-content\/uploads\/WhatsApp-Image-2023-04-27-at-14.07.17-1536x864.jpeg 1536w\" sizes=\"auto, (max-width: 1600px) 100vw, 1600px\" \/><\/a>\n\t\t\t<\/dt><\/dl>\n\t\t\t<br style='clear: both' \/>\n\t\t<\/div>\n","protected":false},"excerpt":{"rendered":"<p>Durante esta jornada se llev\u00f3 a cabo la presentaci\u00f3n del anteproyecto del Parque Termal de balneario Ipor\u00e1. Se trata de una idea \u201cque comenzamos a&#8230;<\/p>\n","protected":false},"author":3,"featured_media":19922,"comment_status":"open","ping_status":"open","sticky":false,"template":"","format":"standard","meta":{"_eb_attr":"","footnotes":""},"categories":[16,23],"tags":[],"class_list":{"0":"post-19914","1":"post","2":"type-post","3":"status-publish","4":"format-standard","5":"has-post-thumbnail","7":"category-noticias","8":"category-obras-en-construccion"},"_links":{"self":[{"href":"https:\/\/tacuarembo.gub.uy\/index.php?rest_route=\/wp\/v2\/posts\/19914","targetHints":{"allow":["GET"]}}],"collection":[{"href":"https:\/\/tacuarembo.gub.uy\/index.php?rest_route=\/wp\/v2\/posts"}],"about":[{"href":"https:\/\/tacuarembo.gub.uy\/index.php?rest_route=\/wp\/v2\/types\/post"}],"author":[{"embeddable":true,"href":"https:\/\/tacuarembo.gub.uy\/index.php?rest_route=\/wp\/v2\/users\/3"}],"replies":[{"embeddable":true,"href":"https:\/\/tacuarembo.gub.uy\/index.php?rest_route=%2Fwp%2Fv2%2Fcomments&post=19914"}],"version-history":[{"count":3,"href":"https:\/\/tacuarembo.gub.uy\/index.php?rest_route=\/wp\/v2\/posts\/19914\/revisions"}],"predecessor-version":[{"id":19930,"href":"https:\/\/tacuarembo.gub.uy\/index.php?rest_route=\/wp\/v2\/posts\/19914\/revisions\/19930"}],"wp:featuredmedia":[{"embeddable":true,"href":"https:\/\/tacuarembo.gub.uy\/index.php?rest_route=\/wp\/v2\/media\/19922"}],"wp:attachment":[{"href":"https:\/\/tacuarembo.gub.uy\/index.php?rest_route=%2Fwp%2Fv2%2Fmedia&parent=19914"}],"wp:term":[{"taxonomy":"category","embeddable":true,"href":"https:\/\/tacuarembo.gub.uy\/index.php?rest_route=%2Fwp%2Fv2%2Fcategories&post=19914"},{"taxonomy":"post_tag","embeddable":true,"href":"https:\/\/tacuarembo.gub.uy\/index.php?rest_route=%2Fwp%2Fv2%2Ftags&post=19914"}],"curies":[{"name":"wp","href":"https:\/\/api.w.org\/{rel}","templated":true}]}}