{"id":19908,"date":"2023-04-26T16:27:10","date_gmt":"2023-04-26T19:27:10","guid":{"rendered":"https:\/\/tacuarembo.gub.uy\/?p=19908"},"modified":"2023-04-26T16:27:10","modified_gmt":"2023-04-26T19:27:10","slug":"curso-de-entrenador-personal-y-preparador-fisico-deportivo-en-el-polideportivo-cuenta-con-apoyo-de-la-idt","status":"publish","type":"post","link":"https:\/\/tacuarembo.gub.uy\/?p=19908","title":{"rendered":"Curso de Entrenador Personal y Preparador F\u00edsico Deportivo en el Polideportivo cuenta con apoyo de la IDT"},"content":{"rendered":"\n<p>El primer encuentro ser\u00e1 este s\u00e1bado 29 y domingo 30 de abril con la presencia del docente argentino Carlos Alberto N\u00fa\u00f1ez. Se trata de una nueva instancia de formaci\u00f3n en materia de deporte.<\/p>\n\n\n\n<p>La entrenadora, Sof\u00eda Gamio, explic\u00f3 que est\u00e1 dirigido a todo p\u00fablico y aclar\u00f3 que tiene costo. Se dictar\u00e1 en seis m\u00f3dulos hasta octubre y durante un fin de semana al mes.<\/p>\n\n\n\n<p>En tanto, el profesor Federico Gim\u00e9nez, destac\u00f3 la presencia del profesor y entrenador argentino Carlos Alberto N\u00fa\u00f1ez que lleva m\u00e1s de 30 a\u00f1os trabajando en el \u00e1mbito del deporte.<\/p>\n\n\n\n<p>Detall\u00f3 que se comenzar\u00e1 este fin de semana con el M\u00f3dulo 1 sobre Iniciaci\u00f3n Deportiva: el s\u00e1bado 29 en el horario de 9 a 18; mientras que el domingo 30 ser\u00e1 de 9 a 13 horas. Gim\u00e9nez puntualiz\u00f3 que \u201ces un curso bastante intensivo, con clases te\u00f3ricas y pr\u00e1cticas\u201d.<\/p>\n\n\n\n<p>Por consultas, comunicarse al 098 505 453 o 091 317 562.<\/p>\n\n\n\n<p>Asimismo, el mismo profesor Carlos Alberto N\u00fa\u00f1ez brindar\u00e1 una charla abierta gratuita sobre actividad f\u00edsica y ejercicio para la salud que se ofrecer\u00e1 el viernes 28, a las 20 horas, en la Direcci\u00f3n de Deportes del Polideportivo.<\/p>\n\n\n<p><img loading=\"lazy\" decoding=\"async\" width=\"900\" height=\"1600\" class=\"alignnone size-full wp-image-19910\" src=\"https:\/\/tacuarembo.gub.uy\/wp-content\/uploads\/WhatsApp-Image-2023-04-26-at-16.05.221.jpeg\" alt=\"\" srcset=\"https:\/\/tacuarembo.gub.uy\/wp-content\/uploads\/WhatsApp-Image-2023-04-26-at-16.05.221.jpeg 900w, https:\/\/tacuarembo.gub.uy\/wp-content\/uploads\/WhatsApp-Image-2023-04-26-at-16.05.221-768x1365.jpeg 768w, https:\/\/tacuarembo.gub.uy\/wp-content\/uploads\/WhatsApp-Image-2023-04-26-at-16.05.221-864x1536.jpeg 864w\" sizes=\"auto, (max-width: 900px) 100vw, 900px\" \/><\/p>","protected":false},"excerpt":{"rendered":"<p>El primer encuentro ser\u00e1 este s\u00e1bado 29 y domingo 30 de abril con la presencia del docente argentino Carlos Alberto N\u00fa\u00f1ez. Se trata de una nueva instancia de formaci\u00f3n en materia de deporte<\/p>\n","protected":false},"author":3,"featured_media":19909,"comment_status":"open","ping_status":"open","sticky":false,"template":"","format":"standard","meta":{"_eb_attr":"","footnotes":""},"categories":[31,16],"tags":[],"class_list":{"0":"post-19908","1":"post","2":"type-post","3":"status-publish","4":"format-standard","5":"has-post-thumbnail","7":"category-deportes","8":"category-noticias"},"_links":{"self":[{"href":"https:\/\/tacuarembo.gub.uy\/index.php?rest_route=\/wp\/v2\/posts\/19908","targetHints":{"allow":["GET"]}}],"collection":[{"href":"https:\/\/tacuarembo.gub.uy\/index.php?rest_route=\/wp\/v2\/posts"}],"about":[{"href":"https:\/\/tacuarembo.gub.uy\/index.php?rest_route=\/wp\/v2\/types\/post"}],"author":[{"embeddable":true,"href":"https:\/\/tacuarembo.gub.uy\/index.php?rest_route=\/wp\/v2\/users\/3"}],"replies":[{"embeddable":true,"href":"https:\/\/tacuarembo.gub.uy\/index.php?rest_route=%2Fwp%2Fv2%2Fcomments&post=19908"}],"version-history":[{"count":1,"href":"https:\/\/tacuarembo.gub.uy\/index.php?rest_route=\/wp\/v2\/posts\/19908\/revisions"}],"predecessor-version":[{"id":19911,"href":"https:\/\/tacuarembo.gub.uy\/index.php?rest_route=\/wp\/v2\/posts\/19908\/revisions\/19911"}],"wp:featuredmedia":[{"embeddable":true,"href":"https:\/\/tacuarembo.gub.uy\/index.php?rest_route=\/wp\/v2\/media\/19909"}],"wp:attachment":[{"href":"https:\/\/tacuarembo.gub.uy\/index.php?rest_route=%2Fwp%2Fv2%2Fmedia&parent=19908"}],"wp:term":[{"taxonomy":"category","embeddable":true,"href":"https:\/\/tacuarembo.gub.uy\/index.php?rest_route=%2Fwp%2Fv2%2Fcategories&post=19908"},{"taxonomy":"post_tag","embeddable":true,"href":"https:\/\/tacuarembo.gub.uy\/index.php?rest_route=%2Fwp%2Fv2%2Ftags&post=19908"}],"curies":[{"name":"wp","href":"https:\/\/api.w.org\/{rel}","templated":true}]}}