{"id":19893,"date":"2023-04-26T09:35:59","date_gmt":"2023-04-26T12:35:59","guid":{"rendered":"https:\/\/tacuarembo.gub.uy\/?p=19893"},"modified":"2023-04-27T08:36:25","modified_gmt":"2023-04-27T11:36:25","slug":"idt-avanza-en-proyecto-de-movilidad-sustentable-y-sostenible-junto-a-la-union-europea","status":"publish","type":"post","link":"https:\/\/tacuarembo.gub.uy\/?p=19893","title":{"rendered":"IDT avanza en proyecto de movilidad sustentable y sostenible junto a la Uni\u00f3n Europea"},"content":{"rendered":"\n<p>La Intendencia de Tacuaremb\u00f3, a trav\u00e9s de la Direcci\u00f3n de Ambiente, se postul\u00f3 a los fondos de la Agencia Alemana para la Cooperaci\u00f3n Internacional (GIZ) que colabora con planes pilotos en materia de movilidad sustentable y sostenible mediante Euroclima: un programa insignia de la Uni\u00f3n Europea.<\/p>\n\n\n\n<p>El director de Ambiente, Jorge Castelli, explic\u00f3 que \u201cnos presentamos junto a Ordenamiento Territorial, Tr\u00e1nsito, Proyectos y otras direcciones de la Intendencia en lo que ser\u00eda el Programa Camino Seguro que apunta a fortalecer la seguridad en la zona que involucra a la Escuela N\u00ba11, el Centro de Barrio N\u00ba1, el Liceo N\u00ba2 y el Jard\u00edn N\u00ba150 con el fin de mejorar ese punto que es muy complicado en los horarios pico\u201d.<\/p>\n\n\n\n<p>En ese marco, el experto chileno Julio Briones se encuentra en Tacuaremb\u00f3 manteniendo reuniones a los efectos de implementar este proyecto al que se postul\u00f3 la Intendencia de Tacuaremb\u00f3. El profesional explic\u00f3 que \u201cson iniciativas que financia la Uni\u00f3n Europea con los recursos destinados a Am\u00e9rica Latina para combatir el cambio clim\u00e1tico\u201d.<\/p>\n\n\n\n<figure class=\"wp-block-image size-full\"><img loading=\"lazy\" decoding=\"async\" width=\"2048\" height=\"1536\" src=\"https:\/\/tacuarembo.gub.uy\/wp-content\/uploads\/WhatsApp-Image-2023-04-26-at-09.32.24.jpeg\" alt=\"\" class=\"wp-image-19895\" srcset=\"https:\/\/tacuarembo.gub.uy\/wp-content\/uploads\/WhatsApp-Image-2023-04-26-at-09.32.24.jpeg 2048w, https:\/\/tacuarembo.gub.uy\/wp-content\/uploads\/WhatsApp-Image-2023-04-26-at-09.32.24-768x576.jpeg 768w, https:\/\/tacuarembo.gub.uy\/wp-content\/uploads\/WhatsApp-Image-2023-04-26-at-09.32.24-1536x1152.jpeg 1536w\" sizes=\"auto, (max-width: 2048px) 100vw, 2048px\" \/><\/figure>\n\n\n\n<p>A\u00f1adi\u00f3 que \u201cse ha desarrollado una pol\u00edtica nacional de movilidad sostenible para Uruguay y, en este momento, nosotros nos encontramos trabajando m\u00e1s en la estrategia de las acciones concretas para poder aplicar esa pol\u00edtica y hemos partido desde el territorio\u201d.<\/p>\n\n\n\n<p>Briones indic\u00f3 adem\u00e1s \u201ces importante trabajar sobre la oferta y la demanda del transporte. Por el lado de la oferta, yo veo que se pueden adoptar medidas de infraestructura vial y livianas de tal forma de ordenar el proceso de dejar y recoger a los ni\u00f1os en los centros educativos y tambi\u00e9n por medio de reductores de velocidad o levantando los pasos peatonales, dej\u00e1ndolos al mismo nivel de las aceras\u201d. En tanto, \u201cpor el lado de la demanda tiene que ver con desincentivar el uso del auto y la moto como medio para llevar a los ni\u00f1os al colegio, pero creo que para eso hay que ofrecer buenas condiciones de seguridad en infraestructura\u201d.<\/p>\n\n\n\n<figure class=\"wp-block-image size-full\"><img loading=\"lazy\" decoding=\"async\" width=\"1163\" height=\"853\" src=\"https:\/\/tacuarembo.gub.uy\/wp-content\/uploads\/WhatsApp-Image-2023-04-26-at-09.33.06.jpeg\" alt=\"\" class=\"wp-image-19894\" srcset=\"https:\/\/tacuarembo.gub.uy\/wp-content\/uploads\/WhatsApp-Image-2023-04-26-at-09.33.06.jpeg 1163w, https:\/\/tacuarembo.gub.uy\/wp-content\/uploads\/WhatsApp-Image-2023-04-26-at-09.33.06-768x563.jpeg 768w\" sizes=\"auto, (max-width: 1163px) 100vw, 1163px\" \/><\/figure>\n","protected":false},"excerpt":{"rendered":"<p>La Intendencia de Tacuaremb\u00f3, a trav\u00e9s de la Direcci\u00f3n de Ambiente, se postul\u00f3 a los fondos de la Agencia Alemana para la Cooperaci\u00f3n Internacional (GIZ) que colabora con planes pilotos en materia de movilidad sustentable y sostenible mediante Euroclima: un programa insignia de la Uni\u00f3n Europea<\/p>\n","protected":false},"author":3,"featured_media":19895,"comment_status":"open","ping_status":"open","sticky":false,"template":"","format":"standard","meta":{"_eb_attr":"","footnotes":""},"categories":[29,16],"tags":[],"class_list":{"0":"post-19893","1":"post","2":"type-post","3":"status-publish","4":"format-standard","5":"has-post-thumbnail","7":"category-medio-ambiente","8":"category-noticias"},"_links":{"self":[{"href":"https:\/\/tacuarembo.gub.uy\/index.php?rest_route=\/wp\/v2\/posts\/19893","targetHints":{"allow":["GET"]}}],"collection":[{"href":"https:\/\/tacuarembo.gub.uy\/index.php?rest_route=\/wp\/v2\/posts"}],"about":[{"href":"https:\/\/tacuarembo.gub.uy\/index.php?rest_route=\/wp\/v2\/types\/post"}],"author":[{"embeddable":true,"href":"https:\/\/tacuarembo.gub.uy\/index.php?rest_route=\/wp\/v2\/users\/3"}],"replies":[{"embeddable":true,"href":"https:\/\/tacuarembo.gub.uy\/index.php?rest_route=%2Fwp%2Fv2%2Fcomments&post=19893"}],"version-history":[{"count":2,"href":"https:\/\/tacuarembo.gub.uy\/index.php?rest_route=\/wp\/v2\/posts\/19893\/revisions"}],"predecessor-version":[{"id":19913,"href":"https:\/\/tacuarembo.gub.uy\/index.php?rest_route=\/wp\/v2\/posts\/19893\/revisions\/19913"}],"wp:featuredmedia":[{"embeddable":true,"href":"https:\/\/tacuarembo.gub.uy\/index.php?rest_route=\/wp\/v2\/media\/19895"}],"wp:attachment":[{"href":"https:\/\/tacuarembo.gub.uy\/index.php?rest_route=%2Fwp%2Fv2%2Fmedia&parent=19893"}],"wp:term":[{"taxonomy":"category","embeddable":true,"href":"https:\/\/tacuarembo.gub.uy\/index.php?rest_route=%2Fwp%2Fv2%2Fcategories&post=19893"},{"taxonomy":"post_tag","embeddable":true,"href":"https:\/\/tacuarembo.gub.uy\/index.php?rest_route=%2Fwp%2Fv2%2Ftags&post=19893"}],"curies":[{"name":"wp","href":"https:\/\/api.w.org\/{rel}","templated":true}]}}