{"id":19886,"date":"2023-04-25T16:37:59","date_gmt":"2023-04-25T19:37:59","guid":{"rendered":"https:\/\/tacuarembo.gub.uy\/?p=19886"},"modified":"2023-04-25T16:37:59","modified_gmt":"2023-04-25T19:37:59","slug":"dia-mundial-de-la-danza-se-celebrara-con-varias-actividades-gratuitas","status":"publish","type":"post","link":"https:\/\/tacuarembo.gub.uy\/?p=19886","title":{"rendered":"D\u00eda Mundial de la Danza se celebrar\u00e1 con varias actividades gratuitas"},"content":{"rendered":"\n<p><\/p>\n\n\n\n<p>Se trata de talleres abiertos a todo p\u00fablico que se desarrollar\u00e1n este viernes 28 de abril, en la Sala Brocco de la Casa de la Cultura.<\/p>\n\n\n\n<p>Para participar no se requiere conocimiento previo de la danza porque \u201cson propuestas inherentes al ser humano, como bailar en ronda y en c\u00edrculos o bailar con el otro\u201d, explic\u00f3 la referente Mar\u00eda Julia Machado.<\/p>\n\n\n\n<p>Agreg\u00f3 que los talleres se impartir\u00e1n a partir de las 14.15 horas, mientras que a las 16.30 horas se podr\u00e1 disfrutar de talleres especialmente dirigidos a los adultos mayores. Al t\u00e9rmino de estas instancias habr\u00e1 un espect\u00e1culo art\u00edstico que estar\u00e1 a cargo de artistas del departamento.<\/p>\n\n\n<p><img loading=\"lazy\" decoding=\"async\" width=\"858\" height=\"1024\" class=\"alignnone size-full wp-image-19891\" src=\"https:\/\/tacuarembo.gub.uy\/wp-content\/uploads\/WhatsApp-Image-2023-04-25-at-16.36.37.jpeg\" alt=\"\" srcset=\"https:\/\/tacuarembo.gub.uy\/wp-content\/uploads\/WhatsApp-Image-2023-04-25-at-16.36.37.jpeg 858w, https:\/\/tacuarembo.gub.uy\/wp-content\/uploads\/WhatsApp-Image-2023-04-25-at-16.36.37-768x917.jpeg 768w\" sizes=\"auto, (max-width: 858px) 100vw, 858px\" \/><\/p>\n\n\n\n\n<p>Se contar\u00e1 con la participaci\u00f3n diversos grupos y academias que sumar\u00e1n sus propuestas de ballet, flamenco, bandone\u00f3n y tango, folclore, tango, salsa y bachata, y danza \u00e1rabe.<\/p>\n\n\n\n<p>En ese marco, el director general de Cultura, Carlos Arezo, remarc\u00f3 que la danza en Tacuaremb\u00f3 ha tenido un desarrollo importante en la \u00faltima d\u00e9cada con el resugimiento de diversos grupos y la realizaci\u00f3n de variados encuentros con el apoyo de la IDT.<\/p>\n\n\n\n<p>Por \u00faltimo, las autoridades convocaron a la ciudadan\u00eda a sumarse a las propuestas organizadas con motivo del D\u00eda de la Danza, que se celebra cada 29 de abril.<\/p>\n\n\n\n\t\t<style type=\"text\/css\">\n\t\t\t#gallery-1 {\n\t\t\t\tmargin: auto;\n\t\t\t}\n\t\t\t#gallery-1 .gallery-item {\n\t\t\t\tfloat: left;\n\t\t\t\tmargin-top: 10px;\n\t\t\t\ttext-align: center;\n\t\t\t\twidth: 33%;\n\t\t\t}\n\t\t\t#gallery-1 img {\n\t\t\t\tborder: 2px solid #cfcfcf;\n\t\t\t}\n\t\t\t#gallery-1 .gallery-caption {\n\t\t\t\tmargin-left: 0;\n\t\t\t}\n\t\t\t\/* see gallery_shortcode() in wp-includes\/media.php *\/\n\t\t<\/style>\n\t\t<div id='gallery-1' class='gallery galleryid-19886 gallery-columns-3 gallery-size-full'><dl class='gallery-item'>\n\t\t\t<dt class='gallery-icon landscape'>\n\t\t\t\t<a href='https:\/\/tacuarembo.gub.uy\/?attachment_id=19887'><img loading=\"lazy\" decoding=\"async\" width=\"864\" height=\"597\" src=\"https:\/\/tacuarembo.gub.uy\/wp-content\/uploads\/WhatsApp-Image-2023-04-25-at-16.36.262.jpeg\" class=\"attachment-full size-full\" alt=\"\" srcset=\"https:\/\/tacuarembo.gub.uy\/wp-content\/uploads\/WhatsApp-Image-2023-04-25-at-16.36.262.jpeg 864w, https:\/\/tacuarembo.gub.uy\/wp-content\/uploads\/WhatsApp-Image-2023-04-25-at-16.36.262-768x531.jpeg 768w\" sizes=\"auto, (max-width: 864px) 100vw, 864px\" \/><\/a>\n\t\t\t<\/dt><\/dl><dl class='gallery-item'>\n\t\t\t<dt class='gallery-icon landscape'>\n\t\t\t\t<a href='https:\/\/tacuarembo.gub.uy\/?attachment_id=19888'><img loading=\"lazy\" decoding=\"async\" width=\"1600\" height=\"1066\" src=\"https:\/\/tacuarembo.gub.uy\/wp-content\/uploads\/WhatsApp-Image-2023-04-25-at-16.36.261.jpeg\" class=\"attachment-full size-full\" alt=\"\" srcset=\"https:\/\/tacuarembo.gub.uy\/wp-content\/uploads\/WhatsApp-Image-2023-04-25-at-16.36.261.jpeg 1600w, https:\/\/tacuarembo.gub.uy\/wp-content\/uploads\/WhatsApp-Image-2023-04-25-at-16.36.261-768x512.jpeg 768w, https:\/\/tacuarembo.gub.uy\/wp-content\/uploads\/WhatsApp-Image-2023-04-25-at-16.36.261-1536x1023.jpeg 1536w\" sizes=\"auto, (max-width: 1600px) 100vw, 1600px\" \/><\/a>\n\t\t\t<\/dt><\/dl><dl class='gallery-item'>\n\t\t\t<dt class='gallery-icon landscape'>\n\t\t\t\t<a href='https:\/\/tacuarembo.gub.uy\/?attachment_id=19889'><img loading=\"lazy\" decoding=\"async\" width=\"1600\" height=\"1066\" src=\"https:\/\/tacuarembo.gub.uy\/wp-content\/uploads\/WhatsApp-Image-2023-04-25-at-16.36.26.jpeg\" class=\"attachment-full size-full\" alt=\"\" srcset=\"https:\/\/tacuarembo.gub.uy\/wp-content\/uploads\/WhatsApp-Image-2023-04-25-at-16.36.26.jpeg 1600w, https:\/\/tacuarembo.gub.uy\/wp-content\/uploads\/WhatsApp-Image-2023-04-25-at-16.36.26-768x512.jpeg 768w, https:\/\/tacuarembo.gub.uy\/wp-content\/uploads\/WhatsApp-Image-2023-04-25-at-16.36.26-1536x1023.jpeg 1536w\" sizes=\"auto, (max-width: 1600px) 100vw, 1600px\" \/><\/a>\n\t\t\t<\/dt><\/dl><br style=\"clear: both\" \/><dl class='gallery-item'>\n\t\t\t<dt class='gallery-icon landscape'>\n\t\t\t\t<a href='https:\/\/tacuarembo.gub.uy\/?attachment_id=19890'><img loading=\"lazy\" decoding=\"async\" width=\"1600\" height=\"1066\" src=\"https:\/\/tacuarembo.gub.uy\/wp-content\/uploads\/WhatsApp-Image-2023-04-25-at-16.36.25.jpeg\" class=\"attachment-full size-full\" alt=\"\" srcset=\"https:\/\/tacuarembo.gub.uy\/wp-content\/uploads\/WhatsApp-Image-2023-04-25-at-16.36.25.jpeg 1600w, https:\/\/tacuarembo.gub.uy\/wp-content\/uploads\/WhatsApp-Image-2023-04-25-at-16.36.25-768x512.jpeg 768w, https:\/\/tacuarembo.gub.uy\/wp-content\/uploads\/WhatsApp-Image-2023-04-25-at-16.36.25-1536x1023.jpeg 1536w\" sizes=\"auto, (max-width: 1600px) 100vw, 1600px\" \/><\/a>\n\t\t\t<\/dt><\/dl>\n\t\t\t<br style='clear: both' \/>\n\t\t<\/div>\n","protected":false},"excerpt":{"rendered":"<p>Se trata de talleres abiertos a todo p\u00fablico que se desarrollar\u00e1n este viernes 28 de abril, en la Sala Brocco de la Casa de la Cultura<\/p>\n","protected":false},"author":3,"featured_media":19887,"comment_status":"open","ping_status":"open","sticky":false,"template":"","format":"standard","meta":{"_eb_attr":"","footnotes":""},"categories":[18,16],"tags":[],"class_list":{"0":"post-19886","1":"post","2":"type-post","3":"status-publish","4":"format-standard","5":"has-post-thumbnail","7":"category-cultura","8":"category-noticias"},"_links":{"self":[{"href":"https:\/\/tacuarembo.gub.uy\/index.php?rest_route=\/wp\/v2\/posts\/19886","targetHints":{"allow":["GET"]}}],"collection":[{"href":"https:\/\/tacuarembo.gub.uy\/index.php?rest_route=\/wp\/v2\/posts"}],"about":[{"href":"https:\/\/tacuarembo.gub.uy\/index.php?rest_route=\/wp\/v2\/types\/post"}],"author":[{"embeddable":true,"href":"https:\/\/tacuarembo.gub.uy\/index.php?rest_route=\/wp\/v2\/users\/3"}],"replies":[{"embeddable":true,"href":"https:\/\/tacuarembo.gub.uy\/index.php?rest_route=%2Fwp%2Fv2%2Fcomments&post=19886"}],"version-history":[{"count":1,"href":"https:\/\/tacuarembo.gub.uy\/index.php?rest_route=\/wp\/v2\/posts\/19886\/revisions"}],"predecessor-version":[{"id":19892,"href":"https:\/\/tacuarembo.gub.uy\/index.php?rest_route=\/wp\/v2\/posts\/19886\/revisions\/19892"}],"wp:featuredmedia":[{"embeddable":true,"href":"https:\/\/tacuarembo.gub.uy\/index.php?rest_route=\/wp\/v2\/media\/19887"}],"wp:attachment":[{"href":"https:\/\/tacuarembo.gub.uy\/index.php?rest_route=%2Fwp%2Fv2%2Fmedia&parent=19886"}],"wp:term":[{"taxonomy":"category","embeddable":true,"href":"https:\/\/tacuarembo.gub.uy\/index.php?rest_route=%2Fwp%2Fv2%2Fcategories&post=19886"},{"taxonomy":"post_tag","embeddable":true,"href":"https:\/\/tacuarembo.gub.uy\/index.php?rest_route=%2Fwp%2Fv2%2Ftags&post=19886"}],"curies":[{"name":"wp","href":"https:\/\/api.w.org\/{rel}","templated":true}]}}