{"id":1985,"date":"2019-02-14T11:31:24","date_gmt":"2019-02-14T11:31:24","guid":{"rendered":"https:\/\/tacuarembo.gub.uy\/?p=1985"},"modified":"2019-02-14T11:31:24","modified_gmt":"2019-02-14T11:31:24","slug":"muestra-sobre-figari-en-centro","status":"publish","type":"post","link":"https:\/\/tacuarembo.gub.uy\/?p=1985","title":{"rendered":"MUESTRA SOBRE FIGARI EN CENTRO"},"content":{"rendered":"\n<p>La Comisi\u00f3n Honoraria de Cultura y el Centro Cultural invitan a la poblaci\u00f3n a la muestra del MUSEO FIGARI que se inaugurar\u00e1 el d\u00eda 20 del corriente desde las 19.00 horas en el edificio Centro Cultural. La apertura estar\u00e1 a cargo de la \u00a0Sra. Paula Puente, quien brindar\u00e1 detalles de la misma.<\/p>\n\n\n\n<figure class=\"wp-block-image\"><img loading=\"lazy\" decoding=\"async\" width=\"620\" height=\"413\" src=\"https:\/\/tacuarembo.gub.uy\/wp-content\/uploads\/511584CD-898C-4F29-AAF9-6C1AD080BDA9.png\" alt=\"\" class=\"wp-image-1986\"\/><\/figure>\n\n\n\n<p>La exposici\u00f3n&nbsp;<strong>Pedro Figari: el hombre m\u00faltiple<\/strong>, pretende abordar las distintas facetas de este genial creador a sabiendas de que no es posible disociarlas por completo: debemos acercarnos a ellas como a complejas y din\u00e1micas vocaciones de un individuo que durante toda su vida propendi\u00f3 a una concepci\u00f3n integral del ser humano. Pues Figari pose\u00eda una visi\u00f3n amplia y rica de la historia. En sus pinturas dio cobijo a los humildes y a los desplazados, reivindic\u00f3 el humor, construy\u00f3 una utop\u00eda posible fundada en el placer del trabajo, en el conocimiento del hombre y la naturaleza.<\/p>\n\n\n\n<p>El hombre de m\u00faltiples saberes que fue, no se desdice del ser integral que hoy reconocemos y admiramos. Esta aproximaci\u00f3n nos ayudar\u00e1 a comprender mejor aquellos aspectos de su persona que han quedado relegados por el \u00e9xito de sus pinturas y el envolvente halo de la leyenda.<\/p>\n","protected":false},"excerpt":{"rendered":"<p>La Comisi\u00f3n Honoraria de Cultura y el Centro Cultural invitan a la poblaci\u00f3n a la muestra del MUSEO FIGARI que se inaugurar\u00e1 el d\u00eda 20&#8230;<\/p>\n","protected":false},"author":3,"featured_media":0,"comment_status":"open","ping_status":"open","sticky":false,"template":"","format":"standard","meta":{"_eb_attr":"","footnotes":""},"categories":[1],"tags":[],"class_list":{"0":"post-1985","1":"post","2":"type-post","3":"status-publish","4":"format-standard","6":"category-sin-categoria"},"_links":{"self":[{"href":"https:\/\/tacuarembo.gub.uy\/index.php?rest_route=\/wp\/v2\/posts\/1985","targetHints":{"allow":["GET"]}}],"collection":[{"href":"https:\/\/tacuarembo.gub.uy\/index.php?rest_route=\/wp\/v2\/posts"}],"about":[{"href":"https:\/\/tacuarembo.gub.uy\/index.php?rest_route=\/wp\/v2\/types\/post"}],"author":[{"embeddable":true,"href":"https:\/\/tacuarembo.gub.uy\/index.php?rest_route=\/wp\/v2\/users\/3"}],"replies":[{"embeddable":true,"href":"https:\/\/tacuarembo.gub.uy\/index.php?rest_route=%2Fwp%2Fv2%2Fcomments&post=1985"}],"version-history":[{"count":1,"href":"https:\/\/tacuarembo.gub.uy\/index.php?rest_route=\/wp\/v2\/posts\/1985\/revisions"}],"predecessor-version":[{"id":1987,"href":"https:\/\/tacuarembo.gub.uy\/index.php?rest_route=\/wp\/v2\/posts\/1985\/revisions\/1987"}],"wp:attachment":[{"href":"https:\/\/tacuarembo.gub.uy\/index.php?rest_route=%2Fwp%2Fv2%2Fmedia&parent=1985"}],"wp:term":[{"taxonomy":"category","embeddable":true,"href":"https:\/\/tacuarembo.gub.uy\/index.php?rest_route=%2Fwp%2Fv2%2Fcategories&post=1985"},{"taxonomy":"post_tag","embeddable":true,"href":"https:\/\/tacuarembo.gub.uy\/index.php?rest_route=%2Fwp%2Fv2%2Ftags&post=1985"}],"curies":[{"name":"wp","href":"https:\/\/api.w.org\/{rel}","templated":true}]}}