{"id":1979,"date":"2019-02-13T18:08:42","date_gmt":"2019-02-13T18:08:42","guid":{"rendered":"https:\/\/tacuarembo.gub.uy\/?p=1979"},"modified":"2019-02-13T18:08:42","modified_gmt":"2019-02-13T18:08:42","slug":"carnaval-de-tacuarembo-2019","status":"publish","type":"post","link":"https:\/\/tacuarembo.gub.uy\/?p=1979","title":{"rendered":"Carnaval de Tacuaremb\u00f3 2019"},"content":{"rendered":"\n<p><br>La Comisi\u00f3n Organizadora del  Carnaval 2019 est\u00e1 comunicando que este s\u00e1bado se realiza la elecci\u00f3n de las reinas en la Laguna de las Lavanderas con la actuaci\u00f3n a la medianoche de Karibe con K.  Se informa tambi\u00e9n  que este viernes  vence el plazo para inscribirse en la Direcci\u00f3n de Prensa y Relaciones P\u00fablicas de la Intendencia  para las categor\u00edas Tablados, Cabezudos  y  Barra de Amigos.<\/p>\n\n\n\n<iframe loading=\"lazy\" width=\"729\" height=\"410\" src=\"https:\/\/www.youtube.com\/embed\/VlsL2VQbSCE\" frameborder=\"0\" allow=\"accelerometer; autoplay; encrypted-media; gyroscope; picture-in-picture\" allowfullscreen><\/iframe>\n","protected":false},"excerpt":{"rendered":"<p>La Comisi\u00f3n Organizadora del Carnaval 2019 est\u00e1 comunicando que este s\u00e1bado se realiza la elecci\u00f3n de las reinas en la Laguna de las Lavanderas con la actuaci\u00f3n a la medianoche de Karibe con K.<\/p>\n","protected":false},"author":3,"featured_media":1792,"comment_status":"open","ping_status":"open","sticky":false,"template":"","format":"standard","meta":{"_eb_attr":"","footnotes":""},"categories":[16],"tags":[],"class_list":{"0":"post-1979","1":"post","2":"type-post","3":"status-publish","4":"format-standard","5":"has-post-thumbnail","7":"category-noticias"},"_links":{"self":[{"href":"https:\/\/tacuarembo.gub.uy\/index.php?rest_route=\/wp\/v2\/posts\/1979","targetHints":{"allow":["GET"]}}],"collection":[{"href":"https:\/\/tacuarembo.gub.uy\/index.php?rest_route=\/wp\/v2\/posts"}],"about":[{"href":"https:\/\/tacuarembo.gub.uy\/index.php?rest_route=\/wp\/v2\/types\/post"}],"author":[{"embeddable":true,"href":"https:\/\/tacuarembo.gub.uy\/index.php?rest_route=\/wp\/v2\/users\/3"}],"replies":[{"embeddable":true,"href":"https:\/\/tacuarembo.gub.uy\/index.php?rest_route=%2Fwp%2Fv2%2Fcomments&post=1979"}],"version-history":[{"count":1,"href":"https:\/\/tacuarembo.gub.uy\/index.php?rest_route=\/wp\/v2\/posts\/1979\/revisions"}],"predecessor-version":[{"id":1980,"href":"https:\/\/tacuarembo.gub.uy\/index.php?rest_route=\/wp\/v2\/posts\/1979\/revisions\/1980"}],"wp:featuredmedia":[{"embeddable":true,"href":"https:\/\/tacuarembo.gub.uy\/index.php?rest_route=\/wp\/v2\/media\/1792"}],"wp:attachment":[{"href":"https:\/\/tacuarembo.gub.uy\/index.php?rest_route=%2Fwp%2Fv2%2Fmedia&parent=1979"}],"wp:term":[{"taxonomy":"category","embeddable":true,"href":"https:\/\/tacuarembo.gub.uy\/index.php?rest_route=%2Fwp%2Fv2%2Fcategories&post=1979"},{"taxonomy":"post_tag","embeddable":true,"href":"https:\/\/tacuarembo.gub.uy\/index.php?rest_route=%2Fwp%2Fv2%2Ftags&post=1979"}],"curies":[{"name":"wp","href":"https:\/\/api.w.org\/{rel}","templated":true}]}}