{"id":1955,"date":"2019-02-12T17:21:52","date_gmt":"2019-02-12T17:21:52","guid":{"rendered":"https:\/\/tacuarembo.gub.uy\/?p=1955"},"modified":"2019-02-12T18:05:42","modified_gmt":"2019-02-12T18:05:42","slug":"carnaval-de-melo-2019","status":"publish","type":"post","link":"https:\/\/tacuarembo.gub.uy\/?p=1955","title":{"rendered":"Carnaval de Melo 2019"},"content":{"rendered":"\n<p>Del 2 al 9 de marzo se desarrollar\u00e1 el Carnaval en la capital de Cerro Largo. Por primera vez en Uruguay Blocos de las Famosas Escuelas de Samba de Rio de Janeiro estar\u00e1n presentes en la principal avenida \u201c Aparicio Saravia\u201d en un recorrido que abarca 7 cuadras. Desde la Intendencia de Tacuaremb\u00f3 se apoya en la difusi\u00f3n al igual que ellos nos respaldan divulgando la Fiesta de la Patria Gaucha en las pantallas de sus eventos, recordamos que desde esos pagos vienen en marzo los amigos de \u201cA Poncho y Espuelas\u201d. En este a\u00f1o 2019 se disfrutar\u00e1 de 5 desfiles muy atractivos con figuras destacadas entre ellas la modelo Claudia Fern\u00e1ndez, Lucas Sugo, Chacho Ramos, Bola 8, durante todos los d\u00edas acompa\u00f1ar\u00e1n tr\u00edos el\u00e9ctricos  y se disfrutar\u00e1 de m\u00fasica electr\u00f3nica en la Plaza Constituci\u00f3n. Tambi\u00e9n cabe destacar el concurso regional de murgas previsto para los d\u00edas 5, 6 y 7 de marzo en el Teatro de Verano.<\/p>\n\n\n\n<iframe loading=\"lazy\" width=\"729\" height=\"410\" src=\"https:\/\/www.youtube.com\/embed\/1QlI3cX9Y_0\" frameborder=\"0\" allow=\"accelerometer; autoplay; encrypted-media; gyroscope; picture-in-picture\" allowfullscreen><\/iframe>\n","protected":false},"excerpt":{"rendered":"<p>Del 2 al 9 de marzo se desarrollar\u00e1 el Carnaval en la capital de Cerro Largo. Por primera vez en Uruguay Blocos de las Famosas Escuelas de Samba de Rio de Janeiro estar\u00e1n presentes en la principal avenida \u201c Aparicio Saravia\u201d en un recorrido que abarca 7 cuadras.<\/p>\n","protected":false},"author":3,"featured_media":1956,"comment_status":"open","ping_status":"open","sticky":false,"template":"","format":"standard","meta":{"_eb_attr":"","footnotes":""},"categories":[16],"tags":[],"class_list":{"0":"post-1955","1":"post","2":"type-post","3":"status-publish","4":"format-standard","5":"has-post-thumbnail","7":"category-noticias"},"_links":{"self":[{"href":"https:\/\/tacuarembo.gub.uy\/index.php?rest_route=\/wp\/v2\/posts\/1955","targetHints":{"allow":["GET"]}}],"collection":[{"href":"https:\/\/tacuarembo.gub.uy\/index.php?rest_route=\/wp\/v2\/posts"}],"about":[{"href":"https:\/\/tacuarembo.gub.uy\/index.php?rest_route=\/wp\/v2\/types\/post"}],"author":[{"embeddable":true,"href":"https:\/\/tacuarembo.gub.uy\/index.php?rest_route=\/wp\/v2\/users\/3"}],"replies":[{"embeddable":true,"href":"https:\/\/tacuarembo.gub.uy\/index.php?rest_route=%2Fwp%2Fv2%2Fcomments&post=1955"}],"version-history":[{"count":3,"href":"https:\/\/tacuarembo.gub.uy\/index.php?rest_route=\/wp\/v2\/posts\/1955\/revisions"}],"predecessor-version":[{"id":1965,"href":"https:\/\/tacuarembo.gub.uy\/index.php?rest_route=\/wp\/v2\/posts\/1955\/revisions\/1965"}],"wp:featuredmedia":[{"embeddable":true,"href":"https:\/\/tacuarembo.gub.uy\/index.php?rest_route=\/wp\/v2\/media\/1956"}],"wp:attachment":[{"href":"https:\/\/tacuarembo.gub.uy\/index.php?rest_route=%2Fwp%2Fv2%2Fmedia&parent=1955"}],"wp:term":[{"taxonomy":"category","embeddable":true,"href":"https:\/\/tacuarembo.gub.uy\/index.php?rest_route=%2Fwp%2Fv2%2Fcategories&post=1955"},{"taxonomy":"post_tag","embeddable":true,"href":"https:\/\/tacuarembo.gub.uy\/index.php?rest_route=%2Fwp%2Fv2%2Ftags&post=1955"}],"curies":[{"name":"wp","href":"https:\/\/api.w.org\/{rel}","templated":true}]}}