{"id":1938,"date":"2019-02-11T18:43:37","date_gmt":"2019-02-11T18:43:37","guid":{"rendered":"https:\/\/tacuarembo.gub.uy\/?p=1938"},"modified":"2019-02-11T19:52:02","modified_gmt":"2019-02-11T19:52:02","slug":"ninos-del-plantel-de-natacion-visitaron-al-secretario-general","status":"publish","type":"post","link":"https:\/\/tacuarembo.gub.uy\/?p=1938","title":{"rendered":"Ni\u00f1os del Plantel de Nataci\u00f3n visitaron al Secretario General"},"content":{"rendered":"\n<p>C\u00f3mo lo hicieron en el comienzo del a\u00f1o con el Intendente Eber Da Rosa, los ni\u00f1os del plantel de nataci\u00f3n del Polideportivo, llegaron esta ma\u00f1ana acompa\u00f1ados por el profesor Santiago Neves al despacho del Secretario General Dr. Jos\u00e9 Omar Men\u00e9ndez, para entregarle una agenda de obsequio, en reconocimiento al apoyo que se les brinda desde el ejecutivo en el calendario anual de actividades que cumplen representando al departamento de Tacuaremb\u00f3 en todo el pa\u00eds. Es de destacar que se han mejorado las marcas lo que significa que ya se est\u00e1n recogiendo los frutos de una mega estructura, como la que disfrutan nuestros ni\u00f1os form\u00e1ndose en varias disciplinas entre ellas la nataci\u00f3n.<\/p>\n","protected":false},"excerpt":{"rendered":"<p>C\u00f3mo lo hicieron en el comienzo del a\u00f1o con el Intendente Eber Da Rosa, los ni\u00f1os del plantel de nataci\u00f3n del Polideportivo<\/p>\n","protected":false},"author":3,"featured_media":1946,"comment_status":"open","ping_status":"open","sticky":false,"template":"","format":"standard","meta":{"_eb_attr":"","footnotes":""},"categories":[16],"tags":[],"class_list":{"0":"post-1938","1":"post","2":"type-post","3":"status-publish","4":"format-standard","5":"has-post-thumbnail","7":"category-noticias"},"_links":{"self":[{"href":"https:\/\/tacuarembo.gub.uy\/index.php?rest_route=\/wp\/v2\/posts\/1938","targetHints":{"allow":["GET"]}}],"collection":[{"href":"https:\/\/tacuarembo.gub.uy\/index.php?rest_route=\/wp\/v2\/posts"}],"about":[{"href":"https:\/\/tacuarembo.gub.uy\/index.php?rest_route=\/wp\/v2\/types\/post"}],"author":[{"embeddable":true,"href":"https:\/\/tacuarembo.gub.uy\/index.php?rest_route=\/wp\/v2\/users\/3"}],"replies":[{"embeddable":true,"href":"https:\/\/tacuarembo.gub.uy\/index.php?rest_route=%2Fwp%2Fv2%2Fcomments&post=1938"}],"version-history":[{"count":3,"href":"https:\/\/tacuarembo.gub.uy\/index.php?rest_route=\/wp\/v2\/posts\/1938\/revisions"}],"predecessor-version":[{"id":1947,"href":"https:\/\/tacuarembo.gub.uy\/index.php?rest_route=\/wp\/v2\/posts\/1938\/revisions\/1947"}],"wp:featuredmedia":[{"embeddable":true,"href":"https:\/\/tacuarembo.gub.uy\/index.php?rest_route=\/wp\/v2\/media\/1946"}],"wp:attachment":[{"href":"https:\/\/tacuarembo.gub.uy\/index.php?rest_route=%2Fwp%2Fv2%2Fmedia&parent=1938"}],"wp:term":[{"taxonomy":"category","embeddable":true,"href":"https:\/\/tacuarembo.gub.uy\/index.php?rest_route=%2Fwp%2Fv2%2Fcategories&post=1938"},{"taxonomy":"post_tag","embeddable":true,"href":"https:\/\/tacuarembo.gub.uy\/index.php?rest_route=%2Fwp%2Fv2%2Ftags&post=1938"}],"curies":[{"name":"wp","href":"https:\/\/api.w.org\/{rel}","templated":true}]}}