{"id":1932,"date":"2019-02-11T18:27:15","date_gmt":"2019-02-11T18:27:15","guid":{"rendered":"https:\/\/tacuarembo.gub.uy\/?p=1932"},"modified":"2019-02-11T18:27:15","modified_gmt":"2019-02-11T18:27:15","slug":"emprender-y-sonar","status":"publish","type":"post","link":"https:\/\/tacuarembo.gub.uy\/?p=1932","title":{"rendered":"Emprender y So\u00f1ar"},"content":{"rendered":"\n<p>En Villa Tambores se desarroll\u00f3 la 2\u00aa. Expo Artesanal y Comercial en el Parque de Madera con la Organizaci\u00f3n del Grupo de Emprendedores y la colaboraci\u00f3n de la Oficina de Desarrollo y Gesti\u00f3n de la IDT. Desde hace un tiempo un grupo de vecinos comenz\u00f3 con la iniciativa de ir generando sus propios ingresos a trav\u00e9s de la venta de art\u00edculos y productos elaborados en la Villa a modo de generar el sustento para sus familias, tal es as\u00ed que ha logrado una visibilidad importante en la zona y se ha transformado este espacio en un momento de encuentro y de intercambio cultivando una integraci\u00f3n y participaci\u00f3n de los vecinos que deriva tambi\u00e9n en la generaci\u00f3n de otras iniciativas en bien de la comunidad.<\/p>\n","protected":false},"excerpt":{"rendered":"<p>En Villa Tambores se desarroll\u00f3 la 2\u00aa. Expo Artesanal y Comercial en el Parque de Madera con la Organizaci\u00f3n del Grupo de Emprendedores y la colaboraci\u00f3n de la Oficina de Desarrollo y Gesti\u00f3n de la IDT. <\/p>\n","protected":false},"author":3,"featured_media":1933,"comment_status":"open","ping_status":"open","sticky":false,"template":"","format":"standard","meta":{"_eb_attr":"","footnotes":""},"categories":[16],"tags":[],"class_list":{"0":"post-1932","1":"post","2":"type-post","3":"status-publish","4":"format-standard","5":"has-post-thumbnail","7":"category-noticias"},"_links":{"self":[{"href":"https:\/\/tacuarembo.gub.uy\/index.php?rest_route=\/wp\/v2\/posts\/1932","targetHints":{"allow":["GET"]}}],"collection":[{"href":"https:\/\/tacuarembo.gub.uy\/index.php?rest_route=\/wp\/v2\/posts"}],"about":[{"href":"https:\/\/tacuarembo.gub.uy\/index.php?rest_route=\/wp\/v2\/types\/post"}],"author":[{"embeddable":true,"href":"https:\/\/tacuarembo.gub.uy\/index.php?rest_route=\/wp\/v2\/users\/3"}],"replies":[{"embeddable":true,"href":"https:\/\/tacuarembo.gub.uy\/index.php?rest_route=%2Fwp%2Fv2%2Fcomments&post=1932"}],"version-history":[{"count":1,"href":"https:\/\/tacuarembo.gub.uy\/index.php?rest_route=\/wp\/v2\/posts\/1932\/revisions"}],"predecessor-version":[{"id":1934,"href":"https:\/\/tacuarembo.gub.uy\/index.php?rest_route=\/wp\/v2\/posts\/1932\/revisions\/1934"}],"wp:featuredmedia":[{"embeddable":true,"href":"https:\/\/tacuarembo.gub.uy\/index.php?rest_route=\/wp\/v2\/media\/1933"}],"wp:attachment":[{"href":"https:\/\/tacuarembo.gub.uy\/index.php?rest_route=%2Fwp%2Fv2%2Fmedia&parent=1932"}],"wp:term":[{"taxonomy":"category","embeddable":true,"href":"https:\/\/tacuarembo.gub.uy\/index.php?rest_route=%2Fwp%2Fv2%2Fcategories&post=1932"},{"taxonomy":"post_tag","embeddable":true,"href":"https:\/\/tacuarembo.gub.uy\/index.php?rest_route=%2Fwp%2Fv2%2Ftags&post=1932"}],"curies":[{"name":"wp","href":"https:\/\/api.w.org\/{rel}","templated":true}]}}