{"id":1928,"date":"2019-02-09T01:08:43","date_gmt":"2019-02-09T01:08:43","guid":{"rendered":"https:\/\/tacuarembo.gub.uy\/?p=1928"},"modified":"2019-02-09T01:08:43","modified_gmt":"2019-02-09T01:08:43","slug":"comenzo-obra-en-sara-de-ibanez-paso-de-los-toros","status":"publish","type":"post","link":"https:\/\/tacuarembo.gub.uy\/?p=1928","title":{"rendered":"Comenz\u00f3 obra en \u00abSara de Iba\u00f1ez\u00bb &#8211; Paso de los Toros"},"content":{"rendered":"\n<p>El pasado 14 de Enero, la empresa adjudicataria inici\u00f3 las obras de\nrestauraci\u00f3n de la Sala Sara de Ib\u00e1\u00f1ez. Se trata de la segunda etapa, ya que la\nprimera hab\u00eda sido en el a\u00f1o 2014 con el recambio total del techo y la\nreparaci\u00f3n y pintura de las paredes exteriores.<\/p>\n\n\n\n<figure class=\"wp-block-image\"><img loading=\"lazy\" decoding=\"async\" width=\"800\" height=\"420\" src=\"https:\/\/tacuarembo.gub.uy\/wp-content\/uploads\/IMG_20190206_104230-800x420.jpg\" alt=\"\" class=\"wp-image-1929\"\/><\/figure>\n\n\n\n<p>La empresa inici\u00f3 los trabajos para la construcci\u00f3n y\nacondicionamiento de diferentes sectores como el descenso del hall principal\ndel edificio, construcci\u00f3n de rampas laterales, reubicaci\u00f3n de la escalera\nprincipal, construcci\u00f3n de gabinetes higi\u00e9nicos para capacidades diferentes,\nconformaci\u00f3n de oficina, esclusa en acceso a sala, sustituci\u00f3n completa de\ncielorraso en sala, reposici\u00f3n de pavimentos, acondicionamiento de camerinos y\nba\u00f1os en subsuelo, escalera de acceso desde camerinos a escenario, sustituci\u00f3n\ncompleta de instalaci\u00f3n el\u00e9ctrica, y tareas de sanitaria, carpinter\u00eda y\npinturas.<\/p>\n\n\n\n<figure class=\"wp-block-image\"><img loading=\"lazy\" decoding=\"async\" width=\"800\" height=\"420\" src=\"https:\/\/tacuarembo.gub.uy\/wp-content\/uploads\/IMG_20190206_104428-800x420.jpg\" alt=\"\" class=\"wp-image-1930\"\/><\/figure>\n","protected":false},"excerpt":{"rendered":"<p>El pasado 14 de Enero, la empresa adjudicataria inici\u00f3 las obras de restauraci\u00f3n de la Sala Sara de Ib\u00e1\u00f1ez. Se trata de la segunda etapa, ya que la primera hab\u00eda sido en el a\u00f1o 2014 con el recambio total del techo y la reparaci\u00f3n y pintura de las paredes exteriores.<\/p>\n","protected":false},"author":3,"featured_media":1929,"comment_status":"open","ping_status":"open","sticky":false,"template":"","format":"standard","meta":{"_eb_attr":"","footnotes":""},"categories":[16],"tags":[],"class_list":{"0":"post-1928","1":"post","2":"type-post","3":"status-publish","4":"format-standard","5":"has-post-thumbnail","7":"category-noticias"},"_links":{"self":[{"href":"https:\/\/tacuarembo.gub.uy\/index.php?rest_route=\/wp\/v2\/posts\/1928","targetHints":{"allow":["GET"]}}],"collection":[{"href":"https:\/\/tacuarembo.gub.uy\/index.php?rest_route=\/wp\/v2\/posts"}],"about":[{"href":"https:\/\/tacuarembo.gub.uy\/index.php?rest_route=\/wp\/v2\/types\/post"}],"author":[{"embeddable":true,"href":"https:\/\/tacuarembo.gub.uy\/index.php?rest_route=\/wp\/v2\/users\/3"}],"replies":[{"embeddable":true,"href":"https:\/\/tacuarembo.gub.uy\/index.php?rest_route=%2Fwp%2Fv2%2Fcomments&post=1928"}],"version-history":[{"count":1,"href":"https:\/\/tacuarembo.gub.uy\/index.php?rest_route=\/wp\/v2\/posts\/1928\/revisions"}],"predecessor-version":[{"id":1931,"href":"https:\/\/tacuarembo.gub.uy\/index.php?rest_route=\/wp\/v2\/posts\/1928\/revisions\/1931"}],"wp:featuredmedia":[{"embeddable":true,"href":"https:\/\/tacuarembo.gub.uy\/index.php?rest_route=\/wp\/v2\/media\/1929"}],"wp:attachment":[{"href":"https:\/\/tacuarembo.gub.uy\/index.php?rest_route=%2Fwp%2Fv2%2Fmedia&parent=1928"}],"wp:term":[{"taxonomy":"category","embeddable":true,"href":"https:\/\/tacuarembo.gub.uy\/index.php?rest_route=%2Fwp%2Fv2%2Fcategories&post=1928"},{"taxonomy":"post_tag","embeddable":true,"href":"https:\/\/tacuarembo.gub.uy\/index.php?rest_route=%2Fwp%2Fv2%2Ftags&post=1928"}],"curies":[{"name":"wp","href":"https:\/\/api.w.org\/{rel}","templated":true}]}}