{"id":1921,"date":"2019-02-08T17:40:40","date_gmt":"2019-02-08T17:40:40","guid":{"rendered":"https:\/\/tacuarembo.gub.uy\/?p=1921"},"modified":"2019-02-08T17:40:40","modified_gmt":"2019-02-08T17:40:40","slug":"fixture-carnaval-2019-en-tacuarembo","status":"publish","type":"post","link":"https:\/\/tacuarembo.gub.uy\/?p=1921","title":{"rendered":"Fixture Carnaval 2019 en Tacuaremb\u00f3"},"content":{"rendered":"\n<p>La Comisi\u00f3n Organizadora del Carnaval informa que ya qued\u00f3 establecido el fixture que tendr\u00e1 nuestra fiesta popular con etapas que se desarrollar\u00e1n del Concurso Oficial en el Rect\u00e1ngulo del Parque Rod\u00f3.<\/p>\n\n\n\n<p><strong>Primera Rueda: <\/strong><br>Martes 26 de Febrero: Comparsas \u201cLa Tribu\u201d,\u201d La Juntadera\u201d y Murga Eterna Pincelada.<br>Mi\u00e9rcoles 27: Murgas \u201cLa Sencillita\u201d, \u201cLa Marchanta\u201d y Lonjas del Sand\u00fa.<\/p>\n\n\n\n<p>Jueves 28 : Comparsa  Lonjas Bohemias y las murgas \u201c Salt\u00f3 el Churr\u00e9\u201d y\u201d Los Mirmidones\u201d.<\/p>\n\n\n\n<p><strong>Segunda Rueda:<\/strong><br>Martes 5 de Marzo: Murga Eterna Pincelada y las comparsas \u201cLa Juntadera\u201d y \u201cLa Tribu\u201d.<br>Mi\u00e9rcoles 6: Lonjas del Sand\u00fa y murgas \u201cLa Marchanta\u201d y \u201cLa Sencillita\u201d.<br>Jueves 7: Murgas \u201cLos Mirmidones\u201d y \u201cSalt\u00f3 el Churr\u00e9\u201d y la comparsa \u201cLonjas Bohemias\u201d.<\/p>\n\n\n\n<p><strong>Integraci\u00f3n del Jurado del Carnaval 2019<\/strong><br>La Comisi\u00f3n Organizadora del Carnaval comunica la integraci\u00f3n del jurado que evaluar\u00e1 el Concurso Oficial de Agrupaciones y dem\u00e1s competencias oficiales. El mismo qued\u00f3 integrado de la siguiente manera: William Soboredo, Oscar Brocco, Leonardo Gazo y Gast\u00f3n Ansiolini.<\/p>\n","protected":false},"excerpt":{"rendered":"<p>La Comisi\u00f3n Organizadora del Carnaval informa que ya qued\u00f3 establecido el fixture que tendr\u00e1 nuestra fiesta popular con etapas que se desarrollar\u00e1n del Concurso Oficial en el Rect\u00e1ngulo del Parque Rod\u00f3.<\/p>\n","protected":false},"author":3,"featured_media":1922,"comment_status":"open","ping_status":"open","sticky":false,"template":"","format":"standard","meta":{"_eb_attr":"","footnotes":""},"categories":[16],"tags":[],"class_list":{"0":"post-1921","1":"post","2":"type-post","3":"status-publish","4":"format-standard","5":"has-post-thumbnail","7":"category-noticias"},"_links":{"self":[{"href":"https:\/\/tacuarembo.gub.uy\/index.php?rest_route=\/wp\/v2\/posts\/1921","targetHints":{"allow":["GET"]}}],"collection":[{"href":"https:\/\/tacuarembo.gub.uy\/index.php?rest_route=\/wp\/v2\/posts"}],"about":[{"href":"https:\/\/tacuarembo.gub.uy\/index.php?rest_route=\/wp\/v2\/types\/post"}],"author":[{"embeddable":true,"href":"https:\/\/tacuarembo.gub.uy\/index.php?rest_route=\/wp\/v2\/users\/3"}],"replies":[{"embeddable":true,"href":"https:\/\/tacuarembo.gub.uy\/index.php?rest_route=%2Fwp%2Fv2%2Fcomments&post=1921"}],"version-history":[{"count":1,"href":"https:\/\/tacuarembo.gub.uy\/index.php?rest_route=\/wp\/v2\/posts\/1921\/revisions"}],"predecessor-version":[{"id":1923,"href":"https:\/\/tacuarembo.gub.uy\/index.php?rest_route=\/wp\/v2\/posts\/1921\/revisions\/1923"}],"wp:featuredmedia":[{"embeddable":true,"href":"https:\/\/tacuarembo.gub.uy\/index.php?rest_route=\/wp\/v2\/media\/1922"}],"wp:attachment":[{"href":"https:\/\/tacuarembo.gub.uy\/index.php?rest_route=%2Fwp%2Fv2%2Fmedia&parent=1921"}],"wp:term":[{"taxonomy":"category","embeddable":true,"href":"https:\/\/tacuarembo.gub.uy\/index.php?rest_route=%2Fwp%2Fv2%2Fcategories&post=1921"},{"taxonomy":"post_tag","embeddable":true,"href":"https:\/\/tacuarembo.gub.uy\/index.php?rest_route=%2Fwp%2Fv2%2Ftags&post=1921"}],"curies":[{"name":"wp","href":"https:\/\/api.w.org\/{rel}","templated":true}]}}