{"id":1913,"date":"2019-02-05T17:58:24","date_gmt":"2019-02-05T17:58:24","guid":{"rendered":"https:\/\/tacuarembo.gub.uy\/?p=1913"},"modified":"2019-02-05T17:58:24","modified_gmt":"2019-02-05T17:58:24","slug":"avanzan-obras-en-barrio-echeverry","status":"publish","type":"post","link":"https:\/\/tacuarembo.gub.uy\/?p=1913","title":{"rendered":"Avanzan obras en Barrio Echeverry"},"content":{"rendered":"\n<p>Culminando estos d\u00edas al frente del ejecutivo el Dr. Jos\u00e9 Omar Men\u00e9ndez se\u00f1alo que se  viene impulsando por parte de Obras \u00abla imprimaci\u00f3n en varias calles en Barrio Echeverry, quedan algunos metros de cord\u00f3n cuneta y alcantarillado en zonas bajas  cuya tarea  se est\u00e1 realizando  y en calle Celedonio Rojas el trabajo que se dise\u00f1\u00f3 perdurar\u00e1 por muchos a\u00f1os, solucionando una problem\u00e1tica y aportando calidad de vida para los vecinos, se ha hecho una estructura en hormig\u00f3n solida pensando en darle durabilidad  significando un avance importante para la barriada\u00bb.<\/p>\n\n\n\n<iframe loading=\"lazy\" width=\"729\" height=\"410\" src=\"https:\/\/www.youtube.com\/embed\/iiLCZFDkfVo\" frameborder=\"0\" allow=\"accelerometer; autoplay; encrypted-media; gyroscope; picture-in-picture\" allowfullscreen><\/iframe>\n","protected":false},"excerpt":{"rendered":"<p>Culminando estos d\u00edas al frente del ejecutivo el Dr Jos\u00e9 Omar Men\u00e9ndez se\u00f1alo que se viene impulsando por parte de Obras<\/p>\n","protected":false},"author":3,"featured_media":1914,"comment_status":"open","ping_status":"open","sticky":false,"template":"","format":"standard","meta":{"_eb_attr":"","footnotes":""},"categories":[16],"tags":[],"class_list":{"0":"post-1913","1":"post","2":"type-post","3":"status-publish","4":"format-standard","5":"has-post-thumbnail","7":"category-noticias"},"_links":{"self":[{"href":"https:\/\/tacuarembo.gub.uy\/index.php?rest_route=\/wp\/v2\/posts\/1913","targetHints":{"allow":["GET"]}}],"collection":[{"href":"https:\/\/tacuarembo.gub.uy\/index.php?rest_route=\/wp\/v2\/posts"}],"about":[{"href":"https:\/\/tacuarembo.gub.uy\/index.php?rest_route=\/wp\/v2\/types\/post"}],"author":[{"embeddable":true,"href":"https:\/\/tacuarembo.gub.uy\/index.php?rest_route=\/wp\/v2\/users\/3"}],"replies":[{"embeddable":true,"href":"https:\/\/tacuarembo.gub.uy\/index.php?rest_route=%2Fwp%2Fv2%2Fcomments&post=1913"}],"version-history":[{"count":1,"href":"https:\/\/tacuarembo.gub.uy\/index.php?rest_route=\/wp\/v2\/posts\/1913\/revisions"}],"predecessor-version":[{"id":1915,"href":"https:\/\/tacuarembo.gub.uy\/index.php?rest_route=\/wp\/v2\/posts\/1913\/revisions\/1915"}],"wp:featuredmedia":[{"embeddable":true,"href":"https:\/\/tacuarembo.gub.uy\/index.php?rest_route=\/wp\/v2\/media\/1914"}],"wp:attachment":[{"href":"https:\/\/tacuarembo.gub.uy\/index.php?rest_route=%2Fwp%2Fv2%2Fmedia&parent=1913"}],"wp:term":[{"taxonomy":"category","embeddable":true,"href":"https:\/\/tacuarembo.gub.uy\/index.php?rest_route=%2Fwp%2Fv2%2Fcategories&post=1913"},{"taxonomy":"post_tag","embeddable":true,"href":"https:\/\/tacuarembo.gub.uy\/index.php?rest_route=%2Fwp%2Fv2%2Ftags&post=1913"}],"curies":[{"name":"wp","href":"https:\/\/api.w.org\/{rel}","templated":true}]}}