{"id":18742,"date":"2023-02-08T09:36:13","date_gmt":"2023-02-08T12:36:13","guid":{"rendered":"https:\/\/tacuarembo.gub.uy\/?p=18742"},"modified":"2023-02-08T10:43:32","modified_gmt":"2023-02-08T13:43:32","slug":"comienza-la-37a-expo-feria-de-paso-de-los-toros-con-una-destacada-grilla-musical","status":"publish","type":"post","link":"https:\/\/tacuarembo.gub.uy\/?p=18742","title":{"rendered":"Comienza la 37\u00aa Expo Feria de Paso de los Toros con una destacada grilla musical"},"content":{"rendered":"\n<p><\/p>\n\n\n\n<p>El evento se desarrollar\u00e1 del&nbsp;9 al 12 de febrero con una importante grilla de artistas locales e invitados.<br>&nbsp;<br>Entre los confirmados se encuentran Chacho Ramos, Seba y su Banda, Puro Chamuyo, Numa Moraes y el Alem\u00e1n, Flor Sosa, Vanessa Britos, Sin Estribos, Escuela de Samba Rampla, La Triple Nelson, Chala Madre, Canto para Bailar, Piero y Horacio, Copla Alta, El Chilli Fern\u00e1ndez, Sonido Cristal, Herederos, y Miriam Britos, adem\u00e1s de 22 artistas locales.<\/p>\n\n\n\n<p>Asimismo el p\u00fablico podr\u00e1 disfrutar de stands con ofertas de productos artesanales y plaza de comidas.<\/p>\n\n\n\n<p>La Expo Feria, que tendr\u00e1 lugar en el Parque Batlle, es apoyada por el Municipio de Paso de los Toros y Intendencia de Tacuaremb\u00f3, adem\u00e1s de ser declara de inter\u00e9s nacional tur\u00edstico<\/p>\n\n\n\n<figure class=\"wp-block-image size-large\"><img loading=\"lazy\" decoding=\"async\" width=\"800\" height=\"420\" src=\"https:\/\/tacuarembo.gub.uy\/wp-content\/uploads\/WhatsApp-Image-2023-02-08-at-09.31.06-800x420.jpeg\" alt=\"\" class=\"wp-image-18743\"\/><\/figure>\n","protected":false},"excerpt":{"rendered":"<p>El evento se desarrollar\u00e1 del\u00a09 al 12 de febrero con una importante grilla de artistas locales e invitados<\/p>\n","protected":false},"author":3,"featured_media":18743,"comment_status":"open","ping_status":"open","sticky":false,"template":"","format":"standard","meta":{"_eb_attr":"","footnotes":""},"categories":[16],"tags":[],"class_list":{"0":"post-18742","1":"post","2":"type-post","3":"status-publish","4":"format-standard","5":"has-post-thumbnail","7":"category-noticias"},"_links":{"self":[{"href":"https:\/\/tacuarembo.gub.uy\/index.php?rest_route=\/wp\/v2\/posts\/18742","targetHints":{"allow":["GET"]}}],"collection":[{"href":"https:\/\/tacuarembo.gub.uy\/index.php?rest_route=\/wp\/v2\/posts"}],"about":[{"href":"https:\/\/tacuarembo.gub.uy\/index.php?rest_route=\/wp\/v2\/types\/post"}],"author":[{"embeddable":true,"href":"https:\/\/tacuarembo.gub.uy\/index.php?rest_route=\/wp\/v2\/users\/3"}],"replies":[{"embeddable":true,"href":"https:\/\/tacuarembo.gub.uy\/index.php?rest_route=%2Fwp%2Fv2%2Fcomments&post=18742"}],"version-history":[{"count":2,"href":"https:\/\/tacuarembo.gub.uy\/index.php?rest_route=\/wp\/v2\/posts\/18742\/revisions"}],"predecessor-version":[{"id":18745,"href":"https:\/\/tacuarembo.gub.uy\/index.php?rest_route=\/wp\/v2\/posts\/18742\/revisions\/18745"}],"wp:featuredmedia":[{"embeddable":true,"href":"https:\/\/tacuarembo.gub.uy\/index.php?rest_route=\/wp\/v2\/media\/18743"}],"wp:attachment":[{"href":"https:\/\/tacuarembo.gub.uy\/index.php?rest_route=%2Fwp%2Fv2%2Fmedia&parent=18742"}],"wp:term":[{"taxonomy":"category","embeddable":true,"href":"https:\/\/tacuarembo.gub.uy\/index.php?rest_route=%2Fwp%2Fv2%2Fcategories&post=18742"},{"taxonomy":"post_tag","embeddable":true,"href":"https:\/\/tacuarembo.gub.uy\/index.php?rest_route=%2Fwp%2Fv2%2Ftags&post=18742"}],"curies":[{"name":"wp","href":"https:\/\/api.w.org\/{rel}","templated":true}]}}