{"id":18395,"date":"2023-01-20T15:47:40","date_gmt":"2023-01-20T18:47:40","guid":{"rendered":"https:\/\/tacuarembo.gub.uy\/?p=18395"},"modified":"2023-12-13T14:56:09","modified_gmt":"2023-12-13T17:56:09","slug":"el-afiche-disenado-por-wilkinson-freitas-representara-al-carnaval-2023","status":"publish","type":"post","link":"https:\/\/tacuarembo.gub.uy\/?p=18395","title":{"rendered":"El afiche dise\u00f1ado por Wilkinson Freitas representar\u00e1 al \u201cCarnaval 2023\u201d"},"content":{"rendered":"\n<p><\/p>\n\n\n\n<p>Durante esta jornada se realiz\u00f3 la entrega del premio al creador del afiche ganador del concurso organizado por la Comisi\u00f3n del Carnaval 2023. En la oportunidad, el secretario general de la Intendencia de Tacuaremb\u00f3, Jos\u00e9 Omar Men\u00e9ndez, afirm\u00f3 que \u201cel concurso dignifica la actividad de los artistas pl\u00e1sticos locales y hace posible que se conozca su tarea\u201d.<\/p>\n\n\n\n<p>Asimismo, felicit\u00f3 al autor Wilkinson Freitas, quien recibi\u00f3 $5.000 ( cinco mil pesos uruguayos), a todos los concursantes que se presentaron a la convocatoria y al jurado por su labor a la hora de la elecci\u00f3n.<\/p>\n\n\n\n<p>Cabe recordar que los afiches deb\u00edan ser in\u00e9dito, en \u00f3leo o acr\u00edlico e ilustrar de buena manera el festejo de un Carnaval alegre y descentralizado, incluyendo como prioridad a sus principales actores: conjunto de negros y lubolos y murgas.<\/p>\n\n\n\n<figure class=\"wp-block-image size-full\"><img loading=\"lazy\" decoding=\"async\" width=\"750\" height=\"1044\" src=\"https:\/\/tacuarembo.gub.uy\/wp-content\/uploads\/WhatsApp-Image-2023-01-20-at-15.46.09.jpeg\" alt=\"\" class=\"wp-image-18403\"\/><\/figure>\n\n\n\n<p>Freitas explic\u00f3 que en su obra quiso hacer hincapi\u00e9 en el color, la fuerza, y el pueblo en s\u00ed mismo, con figuras entrelazadas que a su vez forman una sola, logrando aportar alegr\u00eda para este Carnaval 2023.<\/p>\n\n\n\n<p>Por su parte, Guti\u00e9rrez destac\u00f3 el desempe\u00f1o del jurado honorario y anunci\u00f3 que se confirm\u00f3 la grilla de las agrupaciones que participar\u00e1n en las Primeras Llamadas del Norte 2023 \u201cMartha Gularte\u201d: Lonjas de Juan Domingo, Lonjas Bohemias, Makena, Bant\u00fa y Uni\u00f3n Candombera, adem\u00e1s de Pasonar, Rugir del Puerto, Yulel\u00e9, Lonjas del Chaplin, Biricunyamba y Sambur\u00fa Mor\u00e1n<\/p>\n\n\n\n\t\t<style type=\"text\/css\">\n\t\t\t#gallery-1 {\n\t\t\t\tmargin: auto;\n\t\t\t}\n\t\t\t#gallery-1 .gallery-item {\n\t\t\t\tfloat: left;\n\t\t\t\tmargin-top: 10px;\n\t\t\t\ttext-align: center;\n\t\t\t\twidth: 33%;\n\t\t\t}\n\t\t\t#gallery-1 img {\n\t\t\t\tborder: 2px solid #cfcfcf;\n\t\t\t}\n\t\t\t#gallery-1 .gallery-caption {\n\t\t\t\tmargin-left: 0;\n\t\t\t}\n\t\t\t\/* see gallery_shortcode() in wp-includes\/media.php *\/\n\t\t<\/style>\n\t\t<div id='gallery-1' class='gallery galleryid-18395 gallery-columns-3 gallery-size-full'><dl class='gallery-item'>\n\t\t\t<dt class='gallery-icon landscape'>\n\t\t\t\t<a href='https:\/\/tacuarembo.gub.uy\/?attachment_id=18399'><img loading=\"lazy\" decoding=\"async\" width=\"1024\" height=\"684\" src=\"https:\/\/tacuarembo.gub.uy\/wp-content\/uploads\/WhatsApp-Image-2023-01-20-at-15.45.502.jpeg\" class=\"attachment-full size-full\" alt=\"\" srcset=\"https:\/\/tacuarembo.gub.uy\/wp-content\/uploads\/WhatsApp-Image-2023-01-20-at-15.45.502.jpeg 1024w, https:\/\/tacuarembo.gub.uy\/wp-content\/uploads\/WhatsApp-Image-2023-01-20-at-15.45.502-768x513.jpeg 768w\" sizes=\"auto, (max-width: 1024px) 100vw, 1024px\" \/><\/a>\n\t\t\t<\/dt><\/dl><dl class='gallery-item'>\n\t\t\t<dt class='gallery-icon landscape'>\n\t\t\t\t<a href='https:\/\/tacuarembo.gub.uy\/?attachment_id=18400'><img loading=\"lazy\" decoding=\"async\" width=\"1024\" height=\"684\" src=\"https:\/\/tacuarembo.gub.uy\/wp-content\/uploads\/WhatsApp-Image-2023-01-20-at-15.45.501.jpeg\" class=\"attachment-full size-full\" alt=\"\" srcset=\"https:\/\/tacuarembo.gub.uy\/wp-content\/uploads\/WhatsApp-Image-2023-01-20-at-15.45.501.jpeg 1024w, https:\/\/tacuarembo.gub.uy\/wp-content\/uploads\/WhatsApp-Image-2023-01-20-at-15.45.501-768x513.jpeg 768w\" sizes=\"auto, (max-width: 1024px) 100vw, 1024px\" \/><\/a>\n\t\t\t<\/dt><\/dl><dl class='gallery-item'>\n\t\t\t<dt class='gallery-icon landscape'>\n\t\t\t\t<a href='https:\/\/tacuarembo.gub.uy\/?attachment_id=18401'><img loading=\"lazy\" decoding=\"async\" width=\"1024\" height=\"684\" src=\"https:\/\/tacuarembo.gub.uy\/wp-content\/uploads\/WhatsApp-Image-2023-01-20-at-15.45.50.jpeg\" class=\"attachment-full size-full\" alt=\"\" srcset=\"https:\/\/tacuarembo.gub.uy\/wp-content\/uploads\/WhatsApp-Image-2023-01-20-at-15.45.50.jpeg 1024w, https:\/\/tacuarembo.gub.uy\/wp-content\/uploads\/WhatsApp-Image-2023-01-20-at-15.45.50-768x513.jpeg 768w\" sizes=\"auto, (max-width: 1024px) 100vw, 1024px\" \/><\/a>\n\t\t\t<\/dt><\/dl><br style=\"clear: both\" \/>\n\t\t<\/div>\n","protected":false},"excerpt":{"rendered":"<p>Durante esta jornada se realiz\u00f3 la entrega del premio al creador del afiche ganador del concurso organizado por la Comisi\u00f3n del Carnaval 2023. En la oportunidad, el secretario general de la Intendencia de Tacuaremb\u00f3, Jos\u00e9 Omar Men\u00e9ndez, afirm\u00f3 que \u201cel concurso dignifica la actividad de los artistas pl\u00e1sticos locales y hace posible que se conozca su tarea\u201d<\/p>\n","protected":false},"author":3,"featured_media":18396,"comment_status":"open","ping_status":"open","sticky":false,"template":"","format":"standard","meta":{"_eb_attr":"","footnotes":""},"categories":[32,16],"tags":[],"class_list":{"0":"post-18395","1":"post","2":"type-post","3":"status-publish","4":"format-standard","5":"has-post-thumbnail","7":"category-juventud","8":"category-noticias"},"_links":{"self":[{"href":"https:\/\/tacuarembo.gub.uy\/index.php?rest_route=\/wp\/v2\/posts\/18395","targetHints":{"allow":["GET"]}}],"collection":[{"href":"https:\/\/tacuarembo.gub.uy\/index.php?rest_route=\/wp\/v2\/posts"}],"about":[{"href":"https:\/\/tacuarembo.gub.uy\/index.php?rest_route=\/wp\/v2\/types\/post"}],"author":[{"embeddable":true,"href":"https:\/\/tacuarembo.gub.uy\/index.php?rest_route=\/wp\/v2\/users\/3"}],"replies":[{"embeddable":true,"href":"https:\/\/tacuarembo.gub.uy\/index.php?rest_route=%2Fwp%2Fv2%2Fcomments&post=18395"}],"version-history":[{"count":4,"href":"https:\/\/tacuarembo.gub.uy\/index.php?rest_route=\/wp\/v2\/posts\/18395\/revisions"}],"predecessor-version":[{"id":18406,"href":"https:\/\/tacuarembo.gub.uy\/index.php?rest_route=\/wp\/v2\/posts\/18395\/revisions\/18406"}],"wp:featuredmedia":[{"embeddable":true,"href":"https:\/\/tacuarembo.gub.uy\/index.php?rest_route=\/wp\/v2\/media\/18396"}],"wp:attachment":[{"href":"https:\/\/tacuarembo.gub.uy\/index.php?rest_route=%2Fwp%2Fv2%2Fmedia&parent=18395"}],"wp:term":[{"taxonomy":"category","embeddable":true,"href":"https:\/\/tacuarembo.gub.uy\/index.php?rest_route=%2Fwp%2Fv2%2Fcategories&post=18395"},{"taxonomy":"post_tag","embeddable":true,"href":"https:\/\/tacuarembo.gub.uy\/index.php?rest_route=%2Fwp%2Fv2%2Ftags&post=18395"}],"curies":[{"name":"wp","href":"https:\/\/api.w.org\/{rel}","templated":true}]}}