{"id":1837,"date":"2019-01-28T13:20:58","date_gmt":"2019-01-28T13:20:58","guid":{"rendered":"https:\/\/tacuarembo.gub.uy\/?p=1837"},"modified":"2019-01-28T13:20:58","modified_gmt":"2019-01-28T13:20:58","slug":"la-patria-gaucha-brilla-en-el-este-del-pais","status":"publish","type":"post","link":"https:\/\/tacuarembo.gub.uy\/?p=1837","title":{"rendered":"La Patria Gaucha brilla en el este del Pa\u00eds"},"content":{"rendered":"\n<p>Con desfile de caballer\u00eda gaucha, la llegada del chasque, el canto de Carlos Malo y una mirada internacional, se dieron a conocer detalles de la fiesta en Punta del Este.<br>La 33a. Fiesta de la Patria Gaucha fue presentada en Lapataia &#8211; Punta del Este. Esta instancia fue propicia para una vez m\u00e1s dar a conocer la fiesta en uno de los sitios m\u00e1s visitados de la pen\u00ednsula. Seguido y registrado por medios nacionales e internacionales, los integrantes de la comisi\u00f3n, los anfitriones, embajadores de otros pa\u00edses, aparcer\u00edas locales y much\u00edsimos visitantes, fueron testigos en la tardecita puntaeste\u00f1a del lanzamiento de una nueva Fiesta de la Patria Gaucha. La fiesta m\u00e1s criolla en el pago m\u00e1s grande la Patria.<\/p>\n\n\n\n<iframe loading=\"lazy\" width=\"729\" height=\"410\" src=\"https:\/\/www.youtube.com\/embed\/2MuJ_omTMZ8\" frameborder=\"0\" allow=\"accelerometer; autoplay; encrypted-media; gyroscope; picture-in-picture\" allowfullscreen><\/iframe>\n","protected":false},"excerpt":{"rendered":"<p>Con desfile de caballer\u00eda gaucha, la llegada del chasque, el canto de Carlos Malo y una mirada internacional, se dieron a conocer detalles de la fiesta en Punta del Este.<\/p>\n","protected":false},"author":3,"featured_media":1838,"comment_status":"open","ping_status":"open","sticky":false,"template":"","format":"standard","meta":{"_eb_attr":"","footnotes":""},"categories":[16],"tags":[],"class_list":{"0":"post-1837","1":"post","2":"type-post","3":"status-publish","4":"format-standard","5":"has-post-thumbnail","7":"category-noticias"},"_links":{"self":[{"href":"https:\/\/tacuarembo.gub.uy\/index.php?rest_route=\/wp\/v2\/posts\/1837","targetHints":{"allow":["GET"]}}],"collection":[{"href":"https:\/\/tacuarembo.gub.uy\/index.php?rest_route=\/wp\/v2\/posts"}],"about":[{"href":"https:\/\/tacuarembo.gub.uy\/index.php?rest_route=\/wp\/v2\/types\/post"}],"author":[{"embeddable":true,"href":"https:\/\/tacuarembo.gub.uy\/index.php?rest_route=\/wp\/v2\/users\/3"}],"replies":[{"embeddable":true,"href":"https:\/\/tacuarembo.gub.uy\/index.php?rest_route=%2Fwp%2Fv2%2Fcomments&post=1837"}],"version-history":[{"count":1,"href":"https:\/\/tacuarembo.gub.uy\/index.php?rest_route=\/wp\/v2\/posts\/1837\/revisions"}],"predecessor-version":[{"id":1839,"href":"https:\/\/tacuarembo.gub.uy\/index.php?rest_route=\/wp\/v2\/posts\/1837\/revisions\/1839"}],"wp:featuredmedia":[{"embeddable":true,"href":"https:\/\/tacuarembo.gub.uy\/index.php?rest_route=\/wp\/v2\/media\/1838"}],"wp:attachment":[{"href":"https:\/\/tacuarembo.gub.uy\/index.php?rest_route=%2Fwp%2Fv2%2Fmedia&parent=1837"}],"wp:term":[{"taxonomy":"category","embeddable":true,"href":"https:\/\/tacuarembo.gub.uy\/index.php?rest_route=%2Fwp%2Fv2%2Fcategories&post=1837"},{"taxonomy":"post_tag","embeddable":true,"href":"https:\/\/tacuarembo.gub.uy\/index.php?rest_route=%2Fwp%2Fv2%2Ftags&post=1837"}],"curies":[{"name":"wp","href":"https:\/\/api.w.org\/{rel}","templated":true}]}}