{"id":1779,"date":"2019-01-22T20:31:37","date_gmt":"2019-01-22T20:31:37","guid":{"rendered":"https:\/\/tacuarembo.gub.uy\/?p=1779"},"modified":"2019-01-22T20:31:37","modified_gmt":"2019-01-22T20:31:37","slug":"patria-gaucha-33-anos-de-historia","status":"publish","type":"post","link":"https:\/\/tacuarembo.gub.uy\/?p=1779","title":{"rendered":"Patria Gaucha, 33 a\u00f1os de historia"},"content":{"rendered":"\n<p>El 18 de diciembre de 1986, la Junta Departamental de Tacuaremb\u00f3, por Resoluci\u00f3n N\u00ba 205 aprob\u00f3 por unanimidad de los Ediles presentes, el informe elevado por la Comisi\u00f3n de Cultura, Turismo y Deportes que se\u00f1alaba lo siguiente:<\/p>\n\n\n\n<p>\u00abVisto el anteproyecto presentado por el Edil Dr. Carlos Arezo referente a resaltar la figura del Gaucho en nuestro Departamento mediante la participaci\u00f3n de representantes y distintas Sociedades nativistas de nuestro medio, esta Comisi\u00f3n se avoc\u00f3 a realizar contactos con el Ejecutivo Comunal, Sociedad Patria y Tradici\u00f3n, Centro Comercial y Grupo de Artesanos a los efectos de hacer una evaluaci\u00f3n del anteproyecto presentado. Luego de recogidos estos antecedentes la Comisi\u00f3n ve la voluntad de apoyo en nuestro medio para que se lleve a cabo este espect\u00e1culo que ser\u00eda establecido como fecha fija para los posteriores a\u00f1os y que se ha propuesto para los d\u00edas 13, 14 y 15 de Febrero de 1987. Queremos dejar constancia que esta Comisi\u00f3n sigue y continuar\u00e1 profundizando en los contactos con Instituciones \u00f3 Sociedades que pueden jerarquizar dicho espect\u00e1culo tanto en el aspecto cultural, comercial como deportivo.<\/p>\n\n\n\n<p>Con este motivo esta Comisi\u00f3n aconseja al Plenario: Establecer como fecha fija para dicho evento los d\u00edas 13, 14 y 15 de Febrero de 1987 y que sea administrado por los Integrantes de la Comisi\u00f3n Departamental de Turismo, apoyada por el Ejecutivo Comunal\u00bb \u2026<\/p>\n\n\n\n<p>\u2026La primera Comisi\u00f3n Organizadora se constituy\u00f3 en la sede de la Junta Departamental, denomin\u00e1ndosela Comisi\u00f3n Departamental de Turismo, la que quedo integrada con catorce personas de la siguiente forma: por la Junta Departamental, los integrantes de la Comisi\u00f3n de Cultura, Turismo y Deportes, los Ediles Esc. Heber de Mattos qui\u00e9n la presidi\u00f3, Wilson Acosta, Ariel Pereira, Juan Carlos Echeverr\u00eda, Mario V\u00edctor Cosatti, y el edil autor del Anteproyecto Dr. Carlos Arezo Posada. En representaci\u00f3n del ejecutivo, el Intendente Chiesa design\u00f3 al Director General de Secretaria Walter Mederos, al Jefe de la Oficina de Relaciones P\u00fablicas y Prensa Horacio Lorenzo, el Arq. Hugo Pereda y Walter Bique. Por la Sociedad Criolla Patria y Tradici\u00f3n Homero Formoso y Hugo del Palacio; por el Centro Comercial de Tacuaremb\u00f3 Heber Porcile, y por la Jefatura de Polic\u00eda Santiago Pereira. Desde la segunda Edici\u00f3n, la organizaci\u00f3n qued\u00f3 en manos del \u00f3rgano ejecutivo, por razones de naturaleza de su gesti\u00f3n. El Intendente Sergio Chiesa procedi\u00f3 a designar a\u00f1o en a\u00f1o, todos los miembros de la comisi\u00f3n organizadora delegada del evento, que desde entonces pasa a ser organizado por la Intendencia Municipal.<\/p>\n\n\n\n<p>La segunda comisi\u00f3n organizadora y las siguientes hasta la decimosexta fueron presididas por el patriarca nativista Homero Formoso. Posteriormente y hasta la \u00faltima edici\u00f3n el presidente designado ha sido el arquitecto Hugo Pereda. Los integrantes de este colegiado son miembros de la Junta Departamental, funcionarios municipales, profesionales, vecinos e integrantes de sociedades criollas, que dan su tiempo para colaborar en forma honoraria en la organizaci\u00f3n de todos los espect\u00e1culos que ofrece este complejo evento que hoy se presenta como el m\u00e1s importante hecho tur\u00edstico cultural de nuestro departamento\u2026<\/p>\n\n\n\n<p>Extra\u00eddo del Libro \u00abPatria Gaucha, la Fiesta de Tacuaremb\u00f3\u00bb del Dr. Carlos Arezo Posada<\/p>\n\n\n\n\t\t<style type=\"text\/css\">\n\t\t\t#gallery-1 {\n\t\t\t\tmargin: auto;\n\t\t\t}\n\t\t\t#gallery-1 .gallery-item {\n\t\t\t\tfloat: left;\n\t\t\t\tmargin-top: 10px;\n\t\t\t\ttext-align: center;\n\t\t\t\twidth: 33%;\n\t\t\t}\n\t\t\t#gallery-1 img {\n\t\t\t\tborder: 2px solid #cfcfcf;\n\t\t\t}\n\t\t\t#gallery-1 .gallery-caption {\n\t\t\t\tmargin-left: 0;\n\t\t\t}\n\t\t\t\/* see gallery_shortcode() in wp-includes\/media.php *\/\n\t\t<\/style>\n\t\t<div id='gallery-1' class='gallery galleryid-1779 gallery-columns-3 gallery-size-thumbnail'><dl class='gallery-item'>\n\t\t\t<dt class='gallery-icon landscape'>\n\t\t\t\t<a href='https:\/\/tacuarembo.gub.uy\/wp-content\/uploads\/WhatsApp-Image-2019-01-22-at-08.45.10.jpeg'><img loading=\"lazy\" decoding=\"async\" width=\"200\" height=\"140\" src=\"https:\/\/tacuarembo.gub.uy\/wp-content\/uploads\/WhatsApp-Image-2019-01-22-at-08.45.10-200x140.jpeg\" class=\"attachment-thumbnail size-thumbnail\" alt=\"\" \/><\/a>\n\t\t\t<\/dt><\/dl><dl class='gallery-item'>\n\t\t\t<dt class='gallery-icon landscape'>\n\t\t\t\t<a href='https:\/\/tacuarembo.gub.uy\/wp-content\/uploads\/WhatsApp-Image-2019-01-22-at-08.45.09-2.jpeg'><img loading=\"lazy\" decoding=\"async\" width=\"200\" height=\"140\" src=\"https:\/\/tacuarembo.gub.uy\/wp-content\/uploads\/WhatsApp-Image-2019-01-22-at-08.45.09-2-200x140.jpeg\" class=\"attachment-thumbnail size-thumbnail\" alt=\"\" \/><\/a>\n\t\t\t<\/dt><\/dl><dl class='gallery-item'>\n\t\t\t<dt class='gallery-icon landscape'>\n\t\t\t\t<a href='https:\/\/tacuarembo.gub.uy\/wp-content\/uploads\/WhatsApp-Image-2019-01-22-at-08.45.09-1.jpeg'><img loading=\"lazy\" decoding=\"async\" width=\"200\" height=\"140\" src=\"https:\/\/tacuarembo.gub.uy\/wp-content\/uploads\/WhatsApp-Image-2019-01-22-at-08.45.09-1-200x140.jpeg\" class=\"attachment-thumbnail size-thumbnail\" alt=\"\" \/><\/a>\n\t\t\t<\/dt><\/dl><br style=\"clear: both\" \/><dl class='gallery-item'>\n\t\t\t<dt class='gallery-icon landscape'>\n\t\t\t\t<a href='https:\/\/tacuarembo.gub.uy\/wp-content\/uploads\/WhatsApp-Image-2019-01-22-at-08.45.09.jpeg'><img loading=\"lazy\" decoding=\"async\" width=\"200\" height=\"140\" src=\"https:\/\/tacuarembo.gub.uy\/wp-content\/uploads\/WhatsApp-Image-2019-01-22-at-08.45.09-200x140.jpeg\" class=\"attachment-thumbnail size-thumbnail\" alt=\"\" \/><\/a>\n\t\t\t<\/dt><\/dl><dl class='gallery-item'>\n\t\t\t<dt class='gallery-icon landscape'>\n\t\t\t\t<a href='https:\/\/tacuarembo.gub.uy\/wp-content\/uploads\/WhatsApp-Image-2019-01-22-at-08.45.08.jpeg'><img loading=\"lazy\" decoding=\"async\" width=\"200\" height=\"140\" src=\"https:\/\/tacuarembo.gub.uy\/wp-content\/uploads\/WhatsApp-Image-2019-01-22-at-08.45.08-200x140.jpeg\" class=\"attachment-thumbnail size-thumbnail\" alt=\"\" \/><\/a>\n\t\t\t<\/dt><\/dl>\n\t\t\t<br style='clear: both' \/>\n\t\t<\/div>\n","protected":false},"excerpt":{"rendered":"<p>El 18 de diciembre de 1986, la Junta Departamental de Tacuaremb\u00f3, por Resoluci\u00f3n N\u00ba 205 aprob\u00f3 por unanimidad de los Ediles presentes, el informe elevado por la Comisi\u00f3n de Cultura, Turismo y Deportes que se\u00f1alaba lo siguiente<\/p>\n","protected":false},"author":3,"featured_media":1783,"comment_status":"open","ping_status":"open","sticky":false,"template":"","format":"standard","meta":{"_eb_attr":"","footnotes":""},"categories":[16],"tags":[],"class_list":{"0":"post-1779","1":"post","2":"type-post","3":"status-publish","4":"format-standard","5":"has-post-thumbnail","7":"category-noticias"},"_links":{"self":[{"href":"https:\/\/tacuarembo.gub.uy\/index.php?rest_route=\/wp\/v2\/posts\/1779","targetHints":{"allow":["GET"]}}],"collection":[{"href":"https:\/\/tacuarembo.gub.uy\/index.php?rest_route=\/wp\/v2\/posts"}],"about":[{"href":"https:\/\/tacuarembo.gub.uy\/index.php?rest_route=\/wp\/v2\/types\/post"}],"author":[{"embeddable":true,"href":"https:\/\/tacuarembo.gub.uy\/index.php?rest_route=\/wp\/v2\/users\/3"}],"replies":[{"embeddable":true,"href":"https:\/\/tacuarembo.gub.uy\/index.php?rest_route=%2Fwp%2Fv2%2Fcomments&post=1779"}],"version-history":[{"count":1,"href":"https:\/\/tacuarembo.gub.uy\/index.php?rest_route=\/wp\/v2\/posts\/1779\/revisions"}],"predecessor-version":[{"id":1785,"href":"https:\/\/tacuarembo.gub.uy\/index.php?rest_route=\/wp\/v2\/posts\/1779\/revisions\/1785"}],"wp:featuredmedia":[{"embeddable":true,"href":"https:\/\/tacuarembo.gub.uy\/index.php?rest_route=\/wp\/v2\/media\/1783"}],"wp:attachment":[{"href":"https:\/\/tacuarembo.gub.uy\/index.php?rest_route=%2Fwp%2Fv2%2Fmedia&parent=1779"}],"wp:term":[{"taxonomy":"category","embeddable":true,"href":"https:\/\/tacuarembo.gub.uy\/index.php?rest_route=%2Fwp%2Fv2%2Fcategories&post=1779"},{"taxonomy":"post_tag","embeddable":true,"href":"https:\/\/tacuarembo.gub.uy\/index.php?rest_route=%2Fwp%2Fv2%2Ftags&post=1779"}],"curies":[{"name":"wp","href":"https:\/\/api.w.org\/{rel}","templated":true}]}}