{"id":17771,"date":"2022-12-11T12:27:42","date_gmt":"2022-12-11T15:27:42","guid":{"rendered":"https:\/\/tacuarembo.gub.uy\/?p=17771"},"modified":"2022-12-12T10:40:58","modified_gmt":"2022-12-12T13:40:58","slug":"esta-noche-se-hara-la-entrega-de-los-premios-carlos-gardel-2022","status":"publish","type":"post","link":"https:\/\/tacuarembo.gub.uy\/?p=17771","title":{"rendered":"Esta noche se har\u00e1 la entrega de los Premios \u201cCarlos Gardel 2022\u201d"},"content":{"rendered":"\n<p>La ceremonia tendr\u00e1 lugar este domingo 11 de diciembre, a las 20 horas, en club Democr\u00e1tico. Como todos los a\u00f1os, la Fundaci\u00f3n Carlos Gardel y la Intendencia de Tacuaremb\u00f3, galardonar\u00e1n a personas destacadas del \u00e1mbito de la cultura, la m\u00fasica, la comunicaci\u00f3n y otros rubros.<\/p>\n\n\n\n<p>Se informa a la poblaci\u00f3n que el ingreso ser\u00e1 libre y gratuito. El p\u00fablico podr\u00e1 acercarse para alentar a cada uno de los representantes.<\/p>\n\n\n\n<p>En la ocasi\u00f3n, se premiar\u00e1 a las siguientes personalidades:<\/p>\n\n\n\n<p>-Guillermo Almada (deportista)<br>-Margarita Amoza de Alonso (\u00c1rea Social y Turismo de San Gregorio de Polanco)<br>-Claudia Echeverr\u00eda (periodista)<br>-H\u00e9ctor D\u00e1vila (danzas folcl\u00f3ricas)<br>-Venancio Ramos (deportista)<br>-Milton Santana (profesor)<br>-Petru Valensky (humorista)<br>-Danilo Gonz\u00e1lez (jinete)<br>-Oscar \u201cCacho\u201d Labandera (cantautor)<br>-Mildred Martinote (peluquer\u00eda y ense\u00f1anza)<\/p>\n\n\n\n<p>La art\u00edstica estar\u00e1 a cargo de Alberto Magnone, Camila Falco, el Ballet Folcl\u00f3rico \u00abCandil de Mi Pueblo\u00bb, la pareja de tango Virginia y Jos\u00e9 Luis; y Gast\u00f3n R\u00edo y su banda.<\/p>\n\n\n\n<figure class=\"wp-block-image size-large\"><img loading=\"lazy\" decoding=\"async\" width=\"800\" height=\"420\" src=\"https:\/\/tacuarembo.gub.uy\/wp-content\/uploads\/IMG-20221211-WA0014-800x420.jpg\" alt=\"\" class=\"wp-image-17772\"\/><\/figure>\n\n\n\n<p>El evento es organizado por la Direcci\u00f3n de Cultura de la Intendencia de Tacuaremb\u00f3 y cuenta con el apoyo de la Junta Departamental.<\/p>\n","protected":false},"excerpt":{"rendered":"<p>La ceremonia tendr\u00e1 lugar este domingo 11 de diciembre, a las 20 horas, en club Democr\u00e1tico. Como todos los a\u00f1os, la Fundaci\u00f3n Carlos Gardel y la Intendencia de Tacuaremb\u00f3, galardonar\u00e1n a personas destacadas del \u00e1mbito de la cultura, la m\u00fasica, la comunicaci\u00f3n y otros rubros<\/p>\n","protected":false},"author":3,"featured_media":17772,"comment_status":"open","ping_status":"open","sticky":false,"template":"","format":"standard","meta":{"_eb_attr":"","footnotes":""},"categories":[18,16],"tags":[],"class_list":{"0":"post-17771","1":"post","2":"type-post","3":"status-publish","4":"format-standard","5":"has-post-thumbnail","7":"category-cultura","8":"category-noticias"},"_links":{"self":[{"href":"https:\/\/tacuarembo.gub.uy\/index.php?rest_route=\/wp\/v2\/posts\/17771","targetHints":{"allow":["GET"]}}],"collection":[{"href":"https:\/\/tacuarembo.gub.uy\/index.php?rest_route=\/wp\/v2\/posts"}],"about":[{"href":"https:\/\/tacuarembo.gub.uy\/index.php?rest_route=\/wp\/v2\/types\/post"}],"author":[{"embeddable":true,"href":"https:\/\/tacuarembo.gub.uy\/index.php?rest_route=\/wp\/v2\/users\/3"}],"replies":[{"embeddable":true,"href":"https:\/\/tacuarembo.gub.uy\/index.php?rest_route=%2Fwp%2Fv2%2Fcomments&post=17771"}],"version-history":[{"count":6,"href":"https:\/\/tacuarembo.gub.uy\/index.php?rest_route=\/wp\/v2\/posts\/17771\/revisions"}],"predecessor-version":[{"id":17778,"href":"https:\/\/tacuarembo.gub.uy\/index.php?rest_route=\/wp\/v2\/posts\/17771\/revisions\/17778"}],"wp:featuredmedia":[{"embeddable":true,"href":"https:\/\/tacuarembo.gub.uy\/index.php?rest_route=\/wp\/v2\/media\/17772"}],"wp:attachment":[{"href":"https:\/\/tacuarembo.gub.uy\/index.php?rest_route=%2Fwp%2Fv2%2Fmedia&parent=17771"}],"wp:term":[{"taxonomy":"category","embeddable":true,"href":"https:\/\/tacuarembo.gub.uy\/index.php?rest_route=%2Fwp%2Fv2%2Fcategories&post=17771"},{"taxonomy":"post_tag","embeddable":true,"href":"https:\/\/tacuarembo.gub.uy\/index.php?rest_route=%2Fwp%2Fv2%2Ftags&post=17771"}],"curies":[{"name":"wp","href":"https:\/\/api.w.org\/{rel}","templated":true}]}}