{"id":17764,"date":"2022-12-10T13:59:59","date_gmt":"2022-12-10T16:59:59","guid":{"rendered":"https:\/\/tacuarembo.gub.uy\/?p=17764"},"modified":"2023-12-13T14:52:50","modified_gmt":"2023-12-13T17:52:50","slug":"se-confirmo-la-integracion-de-la-comision-de-carnaval-2023","status":"publish","type":"post","link":"https:\/\/tacuarembo.gub.uy\/?p=17764","title":{"rendered":"Se confirm\u00f3 la integraci\u00f3n de la Comisi\u00f3n de Carnaval 2023"},"content":{"rendered":"\n<p><\/p>\n\n\n\n<p>Por Resoluci\u00f3n del Ejecutivo Departamental, fue designada la Comisi\u00f3n para Festejos de<br>Carnaval 2023.<\/p>\n\n\n\n<p>La misma qued\u00f3 integrada de la siguiente manera:<\/p>\n\n\n\n<p>En representaci\u00f3n del \u00d3rgano Ejecutivo: Camilo Guti\u00e9rrez como presidente, Mart\u00edn G\u00f3mez de Freitas, Susana Garc\u00eda, Ariel da Silva, Cinthia Costabel, Ariel Rodr\u00edguez, Viviana Rodr\u00edguez, Gustavo Mart\u00ednez, Silvana Sima, Marcos C\u00e1ceres, Lidia Ferreira y Abel Ritzel.<\/p>\n\n\n\n<p>Por la Junta Departamental: los ediles titulares Pamela Toribio, Felipe Bruno, Javier N\u00fa\u00f1ez Mecol, Juan Legelen y Nildo Fern\u00e1ndez; como suplentes: Eduardo Santander, Mercedes Schild, Anderson Ortiz, Walter Barboza y Mat\u00edas Guillama.<\/p>\n\n\n\n<p>Esta Comisi\u00f3n Especial tendr\u00e1 a su cargo todo lo concerniente a la Organizaci\u00f3n del Carnaval Edici\u00f3n 2023, as\u00ed como tambi\u00e9n gesti\u00f3n de los recursos financieros y<br>presupuestales.<\/p>\n\n\n<p><img loading=\"lazy\" decoding=\"async\" width=\"1280\" height=\"853\" class=\"alignnone size-full wp-image-17765\" src=\"https:\/\/tacuarembo.gub.uy\/wp-content\/uploads\/IMG-20221210-WA0012.jpg\" alt=\"\" srcset=\"https:\/\/tacuarembo.gub.uy\/wp-content\/uploads\/IMG-20221210-WA0012.jpg 1280w, https:\/\/tacuarembo.gub.uy\/wp-content\/uploads\/IMG-20221210-WA0012-768x512.jpg 768w\" sizes=\"auto, (max-width: 1280px) 100vw, 1280px\" \/><\/p>","protected":false},"excerpt":{"rendered":"<p>Por Resoluci\u00f3n del Ejecutivo Departamental, fue designada la Comisi\u00f3n para Festejos de<br \/>\nCarnaval 2023<\/p>\n","protected":false},"author":3,"featured_media":17765,"comment_status":"open","ping_status":"open","sticky":false,"template":"","format":"standard","meta":{"_eb_attr":"","footnotes":""},"categories":[18,16],"tags":[],"class_list":{"0":"post-17764","1":"post","2":"type-post","3":"status-publish","4":"format-standard","5":"has-post-thumbnail","7":"category-cultura","8":"category-noticias"},"_links":{"self":[{"href":"https:\/\/tacuarembo.gub.uy\/index.php?rest_route=\/wp\/v2\/posts\/17764","targetHints":{"allow":["GET"]}}],"collection":[{"href":"https:\/\/tacuarembo.gub.uy\/index.php?rest_route=\/wp\/v2\/posts"}],"about":[{"href":"https:\/\/tacuarembo.gub.uy\/index.php?rest_route=\/wp\/v2\/types\/post"}],"author":[{"embeddable":true,"href":"https:\/\/tacuarembo.gub.uy\/index.php?rest_route=\/wp\/v2\/users\/3"}],"replies":[{"embeddable":true,"href":"https:\/\/tacuarembo.gub.uy\/index.php?rest_route=%2Fwp%2Fv2%2Fcomments&post=17764"}],"version-history":[{"count":1,"href":"https:\/\/tacuarembo.gub.uy\/index.php?rest_route=\/wp\/v2\/posts\/17764\/revisions"}],"predecessor-version":[{"id":17766,"href":"https:\/\/tacuarembo.gub.uy\/index.php?rest_route=\/wp\/v2\/posts\/17764\/revisions\/17766"}],"wp:featuredmedia":[{"embeddable":true,"href":"https:\/\/tacuarembo.gub.uy\/index.php?rest_route=\/wp\/v2\/media\/17765"}],"wp:attachment":[{"href":"https:\/\/tacuarembo.gub.uy\/index.php?rest_route=%2Fwp%2Fv2%2Fmedia&parent=17764"}],"wp:term":[{"taxonomy":"category","embeddable":true,"href":"https:\/\/tacuarembo.gub.uy\/index.php?rest_route=%2Fwp%2Fv2%2Fcategories&post=17764"},{"taxonomy":"post_tag","embeddable":true,"href":"https:\/\/tacuarembo.gub.uy\/index.php?rest_route=%2Fwp%2Fv2%2Ftags&post=17764"}],"curies":[{"name":"wp","href":"https:\/\/api.w.org\/{rel}","templated":true}]}}