{"id":17750,"date":"2022-12-09T09:48:11","date_gmt":"2022-12-09T12:48:11","guid":{"rendered":"https:\/\/tacuarembo.gub.uy\/?p=17750"},"modified":"2022-12-09T09:48:11","modified_gmt":"2022-12-09T12:48:11","slug":"ezquerra-destaco-el-valor-social-que-cumplen-los-centros-de-barrio","status":"publish","type":"post","link":"https:\/\/tacuarembo.gub.uy\/?p=17750","title":{"rendered":"Ezquerra destac\u00f3 el valor social que cumplen los Centros de Barrio"},"content":{"rendered":"\n<p>Tras la recorrida que realiz\u00f3 por estos espacios municipales, reconoci\u00f3 el trabajo y esfuerzo de las distintas Comisiones de los Centros de Barrio y de los funcionarios municipales. A\u00f1adi\u00f3 que \u201cest\u00e1n bien cuidados y en todos ellos siempre se est\u00e1 haciendo algo, aunque tambi\u00e9n hay m\u00e1s cosas por hacer\u201d.<\/p>\n\n\n\n<p>El intendente, Wilson Ezquerra, agreg\u00f3 que \u201ccumplen una gran funci\u00f3n social y son dinamizadores de cada zona, con gran \u00e9nfasis en salud y alimentaci\u00f3n\u201d.<\/p>\n\n\n\n<p>En cada encuentro, analiz\u00f3 el trabajo realizado durante el a\u00f1o y observ\u00f3 el funcionamiento. Adem\u00e1s, indic\u00f3 que \u201clos reclamos son siempre para seguir creciendo, mejorando los servicios y proyectando a futuro\u201d.<\/p>\n\n\n\n<p>El cronograma de visitas a los Centros de Barrio N.\u00ba 1, 2, 3, 4, 5, 6 y 7 se desarroll\u00f3 entre el pasado jueves 1\u00b0 y viernes 2 de diciembre.<\/p>\n\n\n\n<figure class=\"wp-block-image size-large\"><img loading=\"lazy\" decoding=\"async\" width=\"800\" height=\"420\" src=\"https:\/\/tacuarembo.gub.uy\/wp-content\/uploads\/WhatsApp-Image-2022-12-09-at-09.44.21-800x420.jpeg\" alt=\"\" class=\"wp-image-17751\"\/><\/figure>\n","protected":false},"excerpt":{"rendered":"<p>Tras la recorrida que realiz\u00f3 por estos espacios municipales, reconoci\u00f3 el trabajo y esfuerzo de las distintas Comisiones de los Centros de Barrio y de los funcionarios municipales. A\u00f1adi\u00f3 que \u201cest\u00e1n bien cuidados y en todos ellos siempre se est\u00e1 haciendo algo, aunque tambi\u00e9n hay m\u00e1s cosas por hacer\u201d<\/p>\n","protected":false},"author":3,"featured_media":17751,"comment_status":"open","ping_status":"open","sticky":false,"template":"","format":"standard","meta":{"_eb_attr":"","footnotes":""},"categories":[19,16],"tags":[],"class_list":{"0":"post-17750","1":"post","2":"type-post","3":"status-publish","4":"format-standard","5":"has-post-thumbnail","7":"category-didesol","8":"category-noticias"},"_links":{"self":[{"href":"https:\/\/tacuarembo.gub.uy\/index.php?rest_route=\/wp\/v2\/posts\/17750","targetHints":{"allow":["GET"]}}],"collection":[{"href":"https:\/\/tacuarembo.gub.uy\/index.php?rest_route=\/wp\/v2\/posts"}],"about":[{"href":"https:\/\/tacuarembo.gub.uy\/index.php?rest_route=\/wp\/v2\/types\/post"}],"author":[{"embeddable":true,"href":"https:\/\/tacuarembo.gub.uy\/index.php?rest_route=\/wp\/v2\/users\/3"}],"replies":[{"embeddable":true,"href":"https:\/\/tacuarembo.gub.uy\/index.php?rest_route=%2Fwp%2Fv2%2Fcomments&post=17750"}],"version-history":[{"count":1,"href":"https:\/\/tacuarembo.gub.uy\/index.php?rest_route=\/wp\/v2\/posts\/17750\/revisions"}],"predecessor-version":[{"id":17752,"href":"https:\/\/tacuarembo.gub.uy\/index.php?rest_route=\/wp\/v2\/posts\/17750\/revisions\/17752"}],"wp:featuredmedia":[{"embeddable":true,"href":"https:\/\/tacuarembo.gub.uy\/index.php?rest_route=\/wp\/v2\/media\/17751"}],"wp:attachment":[{"href":"https:\/\/tacuarembo.gub.uy\/index.php?rest_route=%2Fwp%2Fv2%2Fmedia&parent=17750"}],"wp:term":[{"taxonomy":"category","embeddable":true,"href":"https:\/\/tacuarembo.gub.uy\/index.php?rest_route=%2Fwp%2Fv2%2Fcategories&post=17750"},{"taxonomy":"post_tag","embeddable":true,"href":"https:\/\/tacuarembo.gub.uy\/index.php?rest_route=%2Fwp%2Fv2%2Ftags&post=17750"}],"curies":[{"name":"wp","href":"https:\/\/api.w.org\/{rel}","templated":true}]}}