{"id":17735,"date":"2022-12-08T15:51:40","date_gmt":"2022-12-08T18:51:40","guid":{"rendered":"https:\/\/tacuarembo.gub.uy\/?p=17735"},"modified":"2022-12-08T15:51:40","modified_gmt":"2022-12-08T18:51:40","slug":"comision-de-carnaval-2023","status":"publish","type":"post","link":"https:\/\/tacuarembo.gub.uy\/?p=17735","title":{"rendered":"Comisi\u00f3n de Carnaval 2023"},"content":{"rendered":"\n<p>Por Resoluci\u00f3n del Ejecutivo fue designada la Comisi\u00f3n de Festejos de Carnaval, Edici\u00f3n 2023, quedando integrada de la siguiente forma: en representaci\u00f3n del \u00d3rgano Ejecutivo: Camilo Guti\u00e9rrez como Presidente, Mart\u00edn G\u00f3mez de Freitas, Susana Garc\u00eda, Ariel da Silva, Cinthia Costabel, Ariel Rodr\u00edguez, Viviana Rodr\u00edguez, Gustavo Mart\u00ednez, Silvana Sima, Marcos C\u00e1ceres, Lidia Ferreira y Abel Ritzel; por la Junta Departamental: los ediles titulares: Pamela Toribio, Felipe Bruno, Javier N\u00fa\u00f1ez Mecol, Juan Legelen y Nildo Fern\u00e1ndez; como suplentes: Eduardo Santander, Mercedes Schild, Anderson Ortiz, Walter Barboza y Mat\u00edas Guillama. Esta Comisi\u00f3n Especial tendr\u00e1 a su cargo todo lo concerniente a la Organizaci\u00f3n del Carnaval Edici\u00f3n 2023, as\u00ed tambi\u00e9n como la gesti\u00f3n de los recursos financieros y presupuestales de la misma.<\/p>\n","protected":false},"excerpt":{"rendered":"<p>Por Resoluci\u00f3n del Ejecutivo fue designada la Comisi\u00f3n de Festejos de Carnaval, Edici\u00f3n 2023, quedando integrada de la siguiente forma: en representaci\u00f3n del \u00d3rgano Ejecutivo<\/p>\n","protected":false},"author":3,"featured_media":0,"comment_status":"open","ping_status":"open","sticky":false,"template":"","format":"standard","meta":{"_eb_attr":"","footnotes":""},"categories":[38],"tags":[],"class_list":{"0":"post-17735","1":"post","2":"type-post","3":"status-publish","4":"format-standard","6":"category-comunicados-de-prensa"},"_links":{"self":[{"href":"https:\/\/tacuarembo.gub.uy\/index.php?rest_route=\/wp\/v2\/posts\/17735","targetHints":{"allow":["GET"]}}],"collection":[{"href":"https:\/\/tacuarembo.gub.uy\/index.php?rest_route=\/wp\/v2\/posts"}],"about":[{"href":"https:\/\/tacuarembo.gub.uy\/index.php?rest_route=\/wp\/v2\/types\/post"}],"author":[{"embeddable":true,"href":"https:\/\/tacuarembo.gub.uy\/index.php?rest_route=\/wp\/v2\/users\/3"}],"replies":[{"embeddable":true,"href":"https:\/\/tacuarembo.gub.uy\/index.php?rest_route=%2Fwp%2Fv2%2Fcomments&post=17735"}],"version-history":[{"count":1,"href":"https:\/\/tacuarembo.gub.uy\/index.php?rest_route=\/wp\/v2\/posts\/17735\/revisions"}],"predecessor-version":[{"id":17736,"href":"https:\/\/tacuarembo.gub.uy\/index.php?rest_route=\/wp\/v2\/posts\/17735\/revisions\/17736"}],"wp:attachment":[{"href":"https:\/\/tacuarembo.gub.uy\/index.php?rest_route=%2Fwp%2Fv2%2Fmedia&parent=17735"}],"wp:term":[{"taxonomy":"category","embeddable":true,"href":"https:\/\/tacuarembo.gub.uy\/index.php?rest_route=%2Fwp%2Fv2%2Fcategories&post=17735"},{"taxonomy":"post_tag","embeddable":true,"href":"https:\/\/tacuarembo.gub.uy\/index.php?rest_route=%2Fwp%2Fv2%2Ftags&post=17735"}],"curies":[{"name":"wp","href":"https:\/\/api.w.org\/{rel}","templated":true}]}}