{"id":17731,"date":"2022-12-08T10:23:18","date_gmt":"2022-12-08T13:23:18","guid":{"rendered":"https:\/\/tacuarembo.gub.uy\/?p=17731"},"modified":"2022-12-08T10:23:18","modified_gmt":"2022-12-08T13:23:18","slug":"ezquerra-dijo-que-la-cena-de-navidad-solidaria-sera-un-momento-de-afecto-y-alegria","status":"publish","type":"post","link":"https:\/\/tacuarembo.gub.uy\/?p=17731","title":{"rendered":"Ezquerra dijo que la Cena de Navidad solidaria ser\u00e1 un momento de afecto y alegr\u00eda"},"content":{"rendered":"\n<p>El intendente de Tacuaremb\u00f3, Wilson Ezquerra, se refiri\u00f3 a la celebraci\u00f3n de Nochebuena prevista para el s\u00e1bado 24 de diciembre en el Club Democr\u00e1tico, donde la IDT ofrecer\u00e1 una cena gratuita para las personas que est\u00e1n solas y no cuentan con algo para compartir durante esa estancia especial.<\/p>\n\n\n\n<p>En ese sentido, expres\u00f3 que \u201ccomo ya es tradicional y desde hace muchos a\u00f1os la idea es cobijar y darle afecto a quienes no cuentan con compa\u00f1\u00eda o no tienen los medios necesarios\u201d.<\/p>\n\n\n\n<p>Ezquerra remarc\u00f3 que \u201cTacuaremb\u00f3 es solidario, es una familia y nos tenemos que ayudar entre todos. La Nochebuena es hermosa cuando uno est\u00e1 en familia y disfruta, pero a la vez es triste cuando la circunstancias de la vida van llevando a la p\u00e9rdida de seres queridos y se convierte en una noche de recuerdo y tristeza\u201d. Por lo tanto, \u201cqueremos que sea un reencuentro de la familia tacuaremboense\u201d.<\/p>\n\n\n\n<figure class=\"wp-block-image size-large\"><img loading=\"lazy\" decoding=\"async\" width=\"800\" height=\"420\" src=\"https:\/\/tacuarembo.gub.uy\/wp-content\/uploads\/WhatsApp-Image-2022-12-08-at-10.18.24-800x420.jpeg\" alt=\"\" class=\"wp-image-17733\"\/><\/figure>\n\n\n\n<p>A partir de las 21.30 horas, el Club Democr\u00e1tico abrir\u00e1 sus puertas y recibir\u00e1 a todas las personas que se anoten previamente para asistir. Se contar\u00e1 con \u201cun espect\u00e1culo art\u00edstico musical, una rica cena y jugos\u201d, indic\u00f3.<\/p>\n\n\n\n<p>Las personas interesadas se pueden inscribir en los Centros de Barrio, la Direcci\u00f3n de Desarrollo Social y la Secretar\u00eda de la Intendencia de Tacuaremb\u00f3. En ese sentido, el intendente sostuvo que \u201ces importante que lo hagan con tiempo ya que es importante prever el servicio para todos\u201d.<\/p>\n","protected":false},"excerpt":{"rendered":"<p>El intendente de Tacuaremb\u00f3, Wilson Ezquerra, se refiri\u00f3 a la celebraci\u00f3n de Nochebuena prevista para el s\u00e1bado 24 de diciembre en el Club Democr\u00e1tico, donde la IDT ofrecer\u00e1 una cena gratuita para las personas que est\u00e1n solas y no cuentan con algo para compartir durante esa estancia especial<\/p>\n","protected":false},"author":3,"featured_media":17733,"comment_status":"open","ping_status":"open","sticky":false,"template":"","format":"standard","meta":{"_eb_attr":"","footnotes":""},"categories":[16],"tags":[],"class_list":{"0":"post-17731","1":"post","2":"type-post","3":"status-publish","4":"format-standard","5":"has-post-thumbnail","7":"category-noticias"},"_links":{"self":[{"href":"https:\/\/tacuarembo.gub.uy\/index.php?rest_route=\/wp\/v2\/posts\/17731","targetHints":{"allow":["GET"]}}],"collection":[{"href":"https:\/\/tacuarembo.gub.uy\/index.php?rest_route=\/wp\/v2\/posts"}],"about":[{"href":"https:\/\/tacuarembo.gub.uy\/index.php?rest_route=\/wp\/v2\/types\/post"}],"author":[{"embeddable":true,"href":"https:\/\/tacuarembo.gub.uy\/index.php?rest_route=\/wp\/v2\/users\/3"}],"replies":[{"embeddable":true,"href":"https:\/\/tacuarembo.gub.uy\/index.php?rest_route=%2Fwp%2Fv2%2Fcomments&post=17731"}],"version-history":[{"count":1,"href":"https:\/\/tacuarembo.gub.uy\/index.php?rest_route=\/wp\/v2\/posts\/17731\/revisions"}],"predecessor-version":[{"id":17734,"href":"https:\/\/tacuarembo.gub.uy\/index.php?rest_route=\/wp\/v2\/posts\/17731\/revisions\/17734"}],"wp:featuredmedia":[{"embeddable":true,"href":"https:\/\/tacuarembo.gub.uy\/index.php?rest_route=\/wp\/v2\/media\/17733"}],"wp:attachment":[{"href":"https:\/\/tacuarembo.gub.uy\/index.php?rest_route=%2Fwp%2Fv2%2Fmedia&parent=17731"}],"wp:term":[{"taxonomy":"category","embeddable":true,"href":"https:\/\/tacuarembo.gub.uy\/index.php?rest_route=%2Fwp%2Fv2%2Fcategories&post=17731"},{"taxonomy":"post_tag","embeddable":true,"href":"https:\/\/tacuarembo.gub.uy\/index.php?rest_route=%2Fwp%2Fv2%2Ftags&post=17731"}],"curies":[{"name":"wp","href":"https:\/\/api.w.org\/{rel}","templated":true}]}}