{"id":17705,"date":"2022-12-07T07:36:00","date_gmt":"2022-12-07T10:36:00","guid":{"rendered":"https:\/\/tacuarembo.gub.uy\/?p=17705"},"modified":"2022-12-08T17:11:28","modified_gmt":"2022-12-08T20:11:28","slug":"tacuarembo-de-suma-a-la-noche-de-los-museos","status":"publish","type":"post","link":"https:\/\/tacuarembo.gub.uy\/?p=17705","title":{"rendered":"Tacuaremb\u00f3 se suma a la Noche de los Museos"},"content":{"rendered":"\n<p>El Museo de Artes Pl\u00e1sticas de Tacuaremb\u00f3 (MUART) invita a una actividad denominada \u201cMuseo abierto\u201d que tendr\u00e1 a varios artistas locales como protagonistas, los cuales expondr\u00e1n sus obras y plasmar\u00e1n otras en las propias instalaciones y sus alrededores.<\/p>\n\n\n\n<p>La propuesta, que comenzar\u00e1 a las 19 horas del viernes 9 de diciembre, tambi\u00e9n contar\u00e1 con un escenario en el que actuar\u00e1 el Coro Departamental Carlos Gardel, habr\u00e1 una demostraci\u00f3n de danza tango a cargo de Luis Pach\u00f3n y de Mar\u00eda Esther Nicol\u00e1s, adem\u00e1s de contar con la presentaci\u00f3n de Karin Koraz\u00f3n. Por \u00faltimo, Natalia Machado que representar\u00e1 la obra de teatro \u201cDecontruyendo a Alam\u00f3n\u201d.<\/p>\n\n\n\n<p>Raquel Hern\u00e1ndez, del MUART, puntualiz\u00f3 que la calle estar\u00e1 cortada al tr\u00e1nsito debido a la instalaci\u00f3n del referido escenario. La actividad cuenta con el apoyo de la Direcci\u00f3n de Cultura de la IDT.<\/p>\n\n\n\n<p>\u201cMuseos en la Noche\u201d es un evento en el que los museos de todo el pa\u00eds abren sus puertas en un horario no habitual, contando con distintas intervenciones art\u00edsticas, culturales y\/o recreativas que invitan a visitarlos. Tiene como objetivo promover e incentivar el acercamiento de la ciudadan\u00eda a los museos y su acervo cultural, proponiendo una manera distinta de vivirlos.<\/p>\n\n\n\n<figure class=\"wp-block-image size-large\"><img loading=\"lazy\" decoding=\"async\" width=\"800\" height=\"420\" src=\"https:\/\/tacuarembo.gub.uy\/wp-content\/uploads\/IMG-20221208-WA0040-800x420.jpg\" alt=\"\" class=\"wp-image-17737\"\/><\/figure>\n","protected":false},"excerpt":{"rendered":"<p>El Museo de Artes Pl\u00e1sticas de Tacuaremb\u00f3 (MUART) invita a una actividad denominada \u201cMuseo abierto\u201d que tendr\u00e1 a varios artistas locales como protagonistas, los cuales expondr\u00e1n sus obras y plasmar\u00e1n otras en las propias instalaciones y sus alrededores<\/p>\n","protected":false},"author":3,"featured_media":17706,"comment_status":"open","ping_status":"open","sticky":false,"template":"","format":"standard","meta":{"_eb_attr":"","footnotes":""},"categories":[18,16],"tags":[],"class_list":{"0":"post-17705","1":"post","2":"type-post","3":"status-publish","4":"format-standard","5":"has-post-thumbnail","7":"category-cultura","8":"category-noticias"},"_links":{"self":[{"href":"https:\/\/tacuarembo.gub.uy\/index.php?rest_route=\/wp\/v2\/posts\/17705","targetHints":{"allow":["GET"]}}],"collection":[{"href":"https:\/\/tacuarembo.gub.uy\/index.php?rest_route=\/wp\/v2\/posts"}],"about":[{"href":"https:\/\/tacuarembo.gub.uy\/index.php?rest_route=\/wp\/v2\/types\/post"}],"author":[{"embeddable":true,"href":"https:\/\/tacuarembo.gub.uy\/index.php?rest_route=\/wp\/v2\/users\/3"}],"replies":[{"embeddable":true,"href":"https:\/\/tacuarembo.gub.uy\/index.php?rest_route=%2Fwp%2Fv2%2Fcomments&post=17705"}],"version-history":[{"count":3,"href":"https:\/\/tacuarembo.gub.uy\/index.php?rest_route=\/wp\/v2\/posts\/17705\/revisions"}],"predecessor-version":[{"id":17738,"href":"https:\/\/tacuarembo.gub.uy\/index.php?rest_route=\/wp\/v2\/posts\/17705\/revisions\/17738"}],"wp:featuredmedia":[{"embeddable":true,"href":"https:\/\/tacuarembo.gub.uy\/index.php?rest_route=\/wp\/v2\/media\/17706"}],"wp:attachment":[{"href":"https:\/\/tacuarembo.gub.uy\/index.php?rest_route=%2Fwp%2Fv2%2Fmedia&parent=17705"}],"wp:term":[{"taxonomy":"category","embeddable":true,"href":"https:\/\/tacuarembo.gub.uy\/index.php?rest_route=%2Fwp%2Fv2%2Fcategories&post=17705"},{"taxonomy":"post_tag","embeddable":true,"href":"https:\/\/tacuarembo.gub.uy\/index.php?rest_route=%2Fwp%2Fv2%2Ftags&post=17705"}],"curies":[{"name":"wp","href":"https:\/\/api.w.org\/{rel}","templated":true}]}}