{"id":17657,"date":"2022-12-02T21:13:32","date_gmt":"2022-12-03T00:13:32","guid":{"rendered":"https:\/\/tacuarembo.gub.uy\/?p=17657"},"modified":"2022-12-02T21:13:32","modified_gmt":"2022-12-03T00:13:32","slug":"menendez-acompano-al-embajador-de-italia-en-su-visita-a-tacuarembo","status":"publish","type":"post","link":"https:\/\/tacuarembo.gub.uy\/?p=17657","title":{"rendered":"Men\u00e9ndez acompa\u00f1\u00f3 al embajador de Italia en su visita a Tacuaremb\u00f3"},"content":{"rendered":"\n<p>El embajador italiano, Giovanni Iannuzzi, particip\u00f3 de los festejos organizados por el C\u00edrculo Italiano de Tacuaremb\u00f3 con motivo del \u00abD\u00eda del Inmigrante Italiano\u00bb.<\/p>\n\n\n\n<p>La celebraci\u00f3n tuvo lugar el pasado fin de semana y cont\u00f3 con la participaci\u00f3n del secretario general de la IDT, Jos\u00e9 Omar Men\u00e9ndez.<\/p>\n\n\n\n<p>En ese marco, la presencia de Iannuzzi demuestra la cercan\u00eda y atenci\u00f3n de las instituciones a las comunidades de Uruguay.<\/p>\n\n\n\n<p>Adem\u00e1s de acoger a una comunidad activa, por estar en el centro del pa\u00eds, la ciudad simboliza el alma profunda del Uruguay en el que tan plenamente se integr\u00f3 la inmigraci\u00f3n italiana.<\/p>\n\n\n\n<p>Durante su visita a Tacuaremb\u00f3, el embajador tambi\u00e9n tuvo la oportunidad de reunirse con Men\u00e9ndez y juntos abordaron temas de inter\u00e9s para sus compatriotas italianos.<\/p>\n\n\n\n\t\t<style type=\"text\/css\">\n\t\t\t#gallery-1 {\n\t\t\t\tmargin: auto;\n\t\t\t}\n\t\t\t#gallery-1 .gallery-item {\n\t\t\t\tfloat: left;\n\t\t\t\tmargin-top: 10px;\n\t\t\t\ttext-align: center;\n\t\t\t\twidth: 33%;\n\t\t\t}\n\t\t\t#gallery-1 img {\n\t\t\t\tborder: 2px solid #cfcfcf;\n\t\t\t}\n\t\t\t#gallery-1 .gallery-caption {\n\t\t\t\tmargin-left: 0;\n\t\t\t}\n\t\t\t\/* see gallery_shortcode() in wp-includes\/media.php *\/\n\t\t<\/style>\n\t\t<div id='gallery-1' class='gallery galleryid-17657 gallery-columns-3 gallery-size-thumbnail'><dl class='gallery-item'>\n\t\t\t<dt class='gallery-icon landscape'>\n\t\t\t\t<a href='https:\/\/tacuarembo.gub.uy\/?attachment_id=17658'><img loading=\"lazy\" decoding=\"async\" width=\"200\" height=\"140\" src=\"https:\/\/tacuarembo.gub.uy\/wp-content\/uploads\/IMG-20221202-WA0050-200x140.jpg\" class=\"attachment-thumbnail size-thumbnail\" alt=\"\" \/><\/a>\n\t\t\t<\/dt><\/dl><dl class='gallery-item'>\n\t\t\t<dt class='gallery-icon landscape'>\n\t\t\t\t<a href='https:\/\/tacuarembo.gub.uy\/?attachment_id=17659'><img loading=\"lazy\" decoding=\"async\" width=\"200\" height=\"140\" src=\"https:\/\/tacuarembo.gub.uy\/wp-content\/uploads\/IMG-20221202-WA0049-200x140.jpg\" class=\"attachment-thumbnail size-thumbnail\" alt=\"\" \/><\/a>\n\t\t\t<\/dt><\/dl>\n\t\t\t<br style='clear: both' \/>\n\t\t<\/div>\n\n\n","protected":false},"excerpt":{"rendered":"<p>El embajador italiano, Giovanni Iannuzzi, particip\u00f3 de los festejos organizados por el C\u00edrculo Italiano de Tacuaremb\u00f3 con motivo del \u00abD\u00eda del Inmigrante Italiano\u00bb.<\/p>\n","protected":false},"author":3,"featured_media":17659,"comment_status":"open","ping_status":"open","sticky":false,"template":"","format":"standard","meta":{"_eb_attr":"","footnotes":""},"categories":[16],"tags":[],"class_list":{"0":"post-17657","1":"post","2":"type-post","3":"status-publish","4":"format-standard","5":"has-post-thumbnail","7":"category-noticias"},"_links":{"self":[{"href":"https:\/\/tacuarembo.gub.uy\/index.php?rest_route=\/wp\/v2\/posts\/17657","targetHints":{"allow":["GET"]}}],"collection":[{"href":"https:\/\/tacuarembo.gub.uy\/index.php?rest_route=\/wp\/v2\/posts"}],"about":[{"href":"https:\/\/tacuarembo.gub.uy\/index.php?rest_route=\/wp\/v2\/types\/post"}],"author":[{"embeddable":true,"href":"https:\/\/tacuarembo.gub.uy\/index.php?rest_route=\/wp\/v2\/users\/3"}],"replies":[{"embeddable":true,"href":"https:\/\/tacuarembo.gub.uy\/index.php?rest_route=%2Fwp%2Fv2%2Fcomments&post=17657"}],"version-history":[{"count":1,"href":"https:\/\/tacuarembo.gub.uy\/index.php?rest_route=\/wp\/v2\/posts\/17657\/revisions"}],"predecessor-version":[{"id":17660,"href":"https:\/\/tacuarembo.gub.uy\/index.php?rest_route=\/wp\/v2\/posts\/17657\/revisions\/17660"}],"wp:featuredmedia":[{"embeddable":true,"href":"https:\/\/tacuarembo.gub.uy\/index.php?rest_route=\/wp\/v2\/media\/17659"}],"wp:attachment":[{"href":"https:\/\/tacuarembo.gub.uy\/index.php?rest_route=%2Fwp%2Fv2%2Fmedia&parent=17657"}],"wp:term":[{"taxonomy":"category","embeddable":true,"href":"https:\/\/tacuarembo.gub.uy\/index.php?rest_route=%2Fwp%2Fv2%2Fcategories&post=17657"},{"taxonomy":"post_tag","embeddable":true,"href":"https:\/\/tacuarembo.gub.uy\/index.php?rest_route=%2Fwp%2Fv2%2Ftags&post=17657"}],"curies":[{"name":"wp","href":"https:\/\/api.w.org\/{rel}","templated":true}]}}