{"id":17630,"date":"2022-12-01T12:56:00","date_gmt":"2022-12-01T15:56:00","guid":{"rendered":"https:\/\/tacuarembo.gub.uy\/?p=17630"},"modified":"2022-12-01T12:56:00","modified_gmt":"2022-12-01T15:56:00","slug":"comienza-la-gran-fiesta-de-la-integracion-de-tambores-y-sus-zonas","status":"publish","type":"post","link":"https:\/\/tacuarembo.gub.uy\/?p=17630","title":{"rendered":"Comienza la gran \u201cFiesta de la Integraci\u00f3n de Tambores y sus zonas\u201d"},"content":{"rendered":"\n<p>La celebraci\u00f3n tendr\u00e1 lugar desde este viernes 2 y se extender\u00e1 hasta el 4 de diciembre, en el Complejo Deportivo Municipal. Todas las actividades cuentan con el apoyo de la Intendencia de Tacuaremb\u00f3.<\/p>\n\n\n\n<p>En cada jornada se podr\u00e1 disfrutar de m\u00faltiples propuestas gratuitas dirigidas a toda la familia. Se contar\u00e1 con una muestra artesanal, plaza de comidas, m\u00fasica en vivo y entretenimientos dirigidos al p\u00fablico de todas las edades.<\/p>\n\n\n\n<p><strong>Programa art\u00edstico<\/strong><\/p>\n\n\n\n<p><strong>Viernes 2<\/strong><\/p>\n\n\n\n<p>A partir de las 18.30 horas habr\u00e1 actividades art\u00edsticas a cargo de instituciones educativas, mientras que a las 21 tendr\u00e1 lugar el acto de apertura. Posteriormente, se contar\u00e1 con un desfile de la Escuela de Modelos Bethel, la actuaci\u00f3n de \u201cMilonguera\u201d y la \u201cSinf\u00f3nica de Tambores\u201d.<\/p>\n\n\n\n<p><strong>S\u00e1bado 3<\/strong><\/p>\n\n\n\n<p>A las 19 horas: Actividad a cargo de la Escuela de Formaci\u00f3n Agro oficios (EFA) con la llegada de Pap\u00e1 Noel, danzas, m\u00fasica en vivo, entrega de diplomas y regalos.<\/p>\n\n\n\n<p>Sobre las 22 horas se presentar\u00e1n Miriam Britos, Yeyo Show, Puro Chamuyo, Roselin y Mariana y Diego Imbernon.<\/p>\n\n\n\n<p><strong>Domingo 4<\/strong><\/p>\n\n\n\n<p>A partir de las 21 horas el p\u00fablico podr\u00e1 observar al Ballet Fronteritas, el Grupo Fusi\u00f3n, Santiago Marrero, Fer \u201cEl Elegido\u201d y Juancho Rodman.<\/p>\n\n\n<p><img loading=\"lazy\" decoding=\"async\" width=\"1131\" height=\"1600\" class=\"alignnone size-full wp-image-17635\" src=\"https:\/\/tacuarembo.gub.uy\/wp-content\/uploads\/WhatsApp-Image-2022-12-01-at-12.42.281.jpeg\" alt=\"\" srcset=\"https:\/\/tacuarembo.gub.uy\/wp-content\/uploads\/WhatsApp-Image-2022-12-01-at-12.42.281.jpeg 1131w, https:\/\/tacuarembo.gub.uy\/wp-content\/uploads\/WhatsApp-Image-2022-12-01-at-12.42.281-768x1086.jpeg 768w, https:\/\/tacuarembo.gub.uy\/wp-content\/uploads\/WhatsApp-Image-2022-12-01-at-12.42.281-1086x1536.jpeg 1086w\" sizes=\"auto, (max-width: 1131px) 100vw, 1131px\" \/> <img loading=\"lazy\" decoding=\"async\" width=\"1131\" height=\"1600\" class=\"alignnone size-full wp-image-17636\" src=\"https:\/\/tacuarembo.gub.uy\/wp-content\/uploads\/WhatsApp-Image-2022-12-01-at-12.42.28.jpeg\" alt=\"\" srcset=\"https:\/\/tacuarembo.gub.uy\/wp-content\/uploads\/WhatsApp-Image-2022-12-01-at-12.42.28.jpeg 1131w, https:\/\/tacuarembo.gub.uy\/wp-content\/uploads\/WhatsApp-Image-2022-12-01-at-12.42.28-768x1086.jpeg 768w, https:\/\/tacuarembo.gub.uy\/wp-content\/uploads\/WhatsApp-Image-2022-12-01-at-12.42.28-1086x1536.jpeg 1086w\" sizes=\"auto, (max-width: 1131px) 100vw, 1131px\" \/> <img loading=\"lazy\" decoding=\"async\" width=\"1131\" height=\"1600\" class=\"alignnone size-full wp-image-17637\" src=\"https:\/\/tacuarembo.gub.uy\/wp-content\/uploads\/WhatsApp-Image-2022-12-01-at-12.42.27.jpeg\" alt=\"\" srcset=\"https:\/\/tacuarembo.gub.uy\/wp-content\/uploads\/WhatsApp-Image-2022-12-01-at-12.42.27.jpeg 1131w, https:\/\/tacuarembo.gub.uy\/wp-content\/uploads\/WhatsApp-Image-2022-12-01-at-12.42.27-768x1086.jpeg 768w, https:\/\/tacuarembo.gub.uy\/wp-content\/uploads\/WhatsApp-Image-2022-12-01-at-12.42.27-1086x1536.jpeg 1086w\" sizes=\"auto, (max-width: 1131px) 100vw, 1131px\" \/><\/p>","protected":false},"excerpt":{"rendered":"<p>La celebraci\u00f3n tendr\u00e1 lugar desde este viernes 2 y se extender\u00e1 hasta el 4 de diciembre, en el Complejo Deportivo Municipal. Todas las actividades cuentan con el apoyo de la Intendencia de Tacuaremb\u00f3<\/p>\n","protected":false},"author":3,"featured_media":17631,"comment_status":"open","ping_status":"open","sticky":false,"template":"","format":"standard","meta":{"_eb_attr":"","footnotes":""},"categories":[16],"tags":[],"class_list":{"0":"post-17630","1":"post","2":"type-post","3":"status-publish","4":"format-standard","5":"has-post-thumbnail","7":"category-noticias"},"_links":{"self":[{"href":"https:\/\/tacuarembo.gub.uy\/index.php?rest_route=\/wp\/v2\/posts\/17630","targetHints":{"allow":["GET"]}}],"collection":[{"href":"https:\/\/tacuarembo.gub.uy\/index.php?rest_route=\/wp\/v2\/posts"}],"about":[{"href":"https:\/\/tacuarembo.gub.uy\/index.php?rest_route=\/wp\/v2\/types\/post"}],"author":[{"embeddable":true,"href":"https:\/\/tacuarembo.gub.uy\/index.php?rest_route=\/wp\/v2\/users\/3"}],"replies":[{"embeddable":true,"href":"https:\/\/tacuarembo.gub.uy\/index.php?rest_route=%2Fwp%2Fv2%2Fcomments&post=17630"}],"version-history":[{"count":1,"href":"https:\/\/tacuarembo.gub.uy\/index.php?rest_route=\/wp\/v2\/posts\/17630\/revisions"}],"predecessor-version":[{"id":17638,"href":"https:\/\/tacuarembo.gub.uy\/index.php?rest_route=\/wp\/v2\/posts\/17630\/revisions\/17638"}],"wp:featuredmedia":[{"embeddable":true,"href":"https:\/\/tacuarembo.gub.uy\/index.php?rest_route=\/wp\/v2\/media\/17631"}],"wp:attachment":[{"href":"https:\/\/tacuarembo.gub.uy\/index.php?rest_route=%2Fwp%2Fv2%2Fmedia&parent=17630"}],"wp:term":[{"taxonomy":"category","embeddable":true,"href":"https:\/\/tacuarembo.gub.uy\/index.php?rest_route=%2Fwp%2Fv2%2Fcategories&post=17630"},{"taxonomy":"post_tag","embeddable":true,"href":"https:\/\/tacuarembo.gub.uy\/index.php?rest_route=%2Fwp%2Fv2%2Ftags&post=17630"}],"curies":[{"name":"wp","href":"https:\/\/api.w.org\/{rel}","templated":true}]}}