{"id":17622,"date":"2022-11-30T14:54:00","date_gmt":"2022-11-30T17:54:00","guid":{"rendered":"https:\/\/tacuarembo.gub.uy\/?p=17622"},"modified":"2022-11-30T14:54:00","modified_gmt":"2022-11-30T17:54:00","slug":"la-intendencia-apuesta-a-la-insercion-laboral-de-personas-con-discapacidad","status":"publish","type":"post","link":"https:\/\/tacuarembo.gub.uy\/?p=17622","title":{"rendered":"La Intendencia apuesta a la inserci\u00f3n laboral de personas con discapacidad"},"content":{"rendered":"\n<p>La Red de Empresas Inclusivas present\u00f3 diversos proyectos que tienen como objetivo la inclusi\u00f3n de las personas en situaci\u00f3n de discapacidad, y en los cuales la Intendencia de Tacuaremb\u00f3 tendr\u00e1 una activa participaci\u00f3n.<\/p>\n\n\n\n<p>El secretario general de la IDT, encabez\u00f3 la conferencia de prensa junto al director de la Red de Empresas Inclusivas del Uruguay, Fernando Carota, representantes del \u00e1rea de Discapcidad del Mides, y las direcciones de Turismo, Desarrollo Social y Recursos Humanos de la Intendencia, con la finalidad de dar a conocer las iniciativas viculadas a la tem\u00e1tica.<\/p>\n\n\n\n<figure class=\"wp-block-image size-large\"><img loading=\"lazy\" decoding=\"async\" width=\"800\" height=\"420\" src=\"https:\/\/tacuarembo.gub.uy\/wp-content\/uploads\/WhatsApp-Image-2022-11-30-at-14.52.38-800x420.jpeg\" alt=\"\" class=\"wp-image-17623\"\/><\/figure>\n\n\n\n<p>En ese marco, Carota dijo que \u201cvenimos realizando una recorrida por diferentes departamentos para generar alianzas y establecer v\u00ednculos con los gobiernos departamentales, la sociedad civil -a trav\u00e9s de las organizaciones de personas con discapcidad- y las c\u00e1maras empresariales y comerciales\u201d.<\/p>\n\n\n\n<p>Sostuvo que \u201ces importante puntualizar que la Red de Personas Inclusivas es una organizaci\u00f3n sin fines de lucro que se cre\u00f3 en 2021 bajo un modelo que promueve la Organizaci\u00f3n Mundial del Trabajo, con foco en el empelo decente para las personas con discapacidad desde el sector empresarial. En Uruguay hay unas 30 organizaciones p\u00fablicas y privadas que forman parte de la Red\u201d, indic\u00f3.<\/p>\n\n\n\n<p>Tambi\u00e9n destac\u00f3 que en el marco de la Semana de las Personas con Discapacidad, \u201cse har\u00e1 la segunda Feria de Empleo Expo Inclusion que tendr\u00e1 lugar del 1\u00b0 al 4 de diciembre, en Montevideo\u201d. A\u00f1adi\u00f3 que \u201caquellas personas que est\u00e1n en el interior del pa\u00eds podr\u00e1n participar en forma virutal registr\u00e1ndose en la web expoinclusion.com.uy para tomar contacto con las empresas y postularse a oportunidades laborales concretas, adem\u00e1s de sumarse a diferentes charlas\u201d.<\/p>\n\n\n\n<p>Por otra parte, destac\u00f3 el Proyecto Val\u00f3rame que tiene como fin generar una alternativa al modelo de empleabilidad tradicional para generar emprendedores entre las personas con discapacidad y sus familias e insertarlos como proveedores en algunas de las organizaciones de la Red. Se trata de un programa gratuito que se implementar\u00e1 pr\u00f3ximamente mediante una convocatoria que contar\u00e1 con tres talleres.<\/p>\n\n\n\n<p>Por otra parte, \u201cnuestra presencia en Tacuaremb\u00f3 tambi\u00e9n se debe a la presentaci\u00f3n del Nodo de Turismo Accesible que se cre\u00f3 con la idea de posicionar a Uruguay como un destino accesible y promover la formaci\u00f3n de las personas con discapacidad para que sean operadores tur\u00edsticos\u201d, remarc\u00f3 Carota<\/p>\n\n\n\n<figure class=\"wp-block-embed is-provider-youtube wp-block-embed-youtube\"><div class=\"wp-block-embed__wrapper\">\n<iframe loading=\"lazy\" title=\"Red de Empresas Inclusivas junto a la Intendencia de Tacuaremb\u00f3.\" width=\"1080\" height=\"608\" src=\"https:\/\/www.youtube.com\/embed\/nDDzjc_-lzs?feature=oembed\" frameborder=\"0\" allow=\"accelerometer; autoplay; clipboard-write; encrypted-media; gyroscope; picture-in-picture; web-share\" referrerpolicy=\"strict-origin-when-cross-origin\" allowfullscreen><\/iframe>\n<\/div><\/figure>\n","protected":false},"excerpt":{"rendered":"<p>La Red de Empresas Inclusivas present\u00f3 diversos proyectos que tienen como objetivo la inclusi\u00f3n de las personas en situaci\u00f3n de discapacidad, y en los cuales la Intendencia de Tacuaremb\u00f3 tendr\u00e1 una activa participaci\u00f3n<\/p>\n","protected":false},"author":3,"featured_media":17623,"comment_status":"open","ping_status":"open","sticky":false,"template":"","format":"standard","meta":{"_eb_attr":"","footnotes":""},"categories":[16],"tags":[],"class_list":{"0":"post-17622","1":"post","2":"type-post","3":"status-publish","4":"format-standard","5":"has-post-thumbnail","7":"category-noticias"},"_links":{"self":[{"href":"https:\/\/tacuarembo.gub.uy\/index.php?rest_route=\/wp\/v2\/posts\/17622","targetHints":{"allow":["GET"]}}],"collection":[{"href":"https:\/\/tacuarembo.gub.uy\/index.php?rest_route=\/wp\/v2\/posts"}],"about":[{"href":"https:\/\/tacuarembo.gub.uy\/index.php?rest_route=\/wp\/v2\/types\/post"}],"author":[{"embeddable":true,"href":"https:\/\/tacuarembo.gub.uy\/index.php?rest_route=\/wp\/v2\/users\/3"}],"replies":[{"embeddable":true,"href":"https:\/\/tacuarembo.gub.uy\/index.php?rest_route=%2Fwp%2Fv2%2Fcomments&post=17622"}],"version-history":[{"count":1,"href":"https:\/\/tacuarembo.gub.uy\/index.php?rest_route=\/wp\/v2\/posts\/17622\/revisions"}],"predecessor-version":[{"id":17624,"href":"https:\/\/tacuarembo.gub.uy\/index.php?rest_route=\/wp\/v2\/posts\/17622\/revisions\/17624"}],"wp:featuredmedia":[{"embeddable":true,"href":"https:\/\/tacuarembo.gub.uy\/index.php?rest_route=\/wp\/v2\/media\/17623"}],"wp:attachment":[{"href":"https:\/\/tacuarembo.gub.uy\/index.php?rest_route=%2Fwp%2Fv2%2Fmedia&parent=17622"}],"wp:term":[{"taxonomy":"category","embeddable":true,"href":"https:\/\/tacuarembo.gub.uy\/index.php?rest_route=%2Fwp%2Fv2%2Fcategories&post=17622"},{"taxonomy":"post_tag","embeddable":true,"href":"https:\/\/tacuarembo.gub.uy\/index.php?rest_route=%2Fwp%2Fv2%2Ftags&post=17622"}],"curies":[{"name":"wp","href":"https:\/\/api.w.org\/{rel}","templated":true}]}}