{"id":1749,"date":"2019-01-16T11:41:36","date_gmt":"2019-01-16T11:41:36","guid":{"rendered":"https:\/\/tacuarembo.gub.uy\/?p=1749"},"modified":"2019-01-28T16:19:19","modified_gmt":"2019-01-28T16:19:19","slug":"el-dr-jose-omar-menendez-asumio-como-intendente-hasta-el-5-de-febrero","status":"publish","type":"post","link":"https:\/\/tacuarembo.gub.uy\/?p=1749","title":{"rendered":"El Dr Jos\u00e9 Omar Men\u00e9ndez asumi\u00f3 como Intendente hasta el 5 de Febrero"},"content":{"rendered":"\n<p>Con una reconocida trayectoria pol\u00edtica y experiencia en la gesti\u00f3n municipal estar\u00e1 timoneando el trabajo departamental.<br>Tal lo aprobado por la Junta Departamental, el titular Dr Eber Da Rosa har\u00e1 uso de su licencia anual hasta el 5 de febrero, periodo en el cual el secretario general asume el interinato como Intendente de Tacuaremb\u00f3. Con una reconocida trayectoria pol\u00edtica y experiencia en la gesti\u00f3n municipal, m\u00e9dico, el Dr Men\u00e9ndez estar\u00e1 timoneando el trabajo departamental que incluye en estos d\u00edas el regreso de todo el personal de obras luego de la licencia para continuar con la ejecuci\u00f3n de las diferentes tareas planificadas adem\u00e1s de la permanente coordinaci\u00f3n con los municipios y las cuestiones de rutina inherentes al cargo.<\/p>\n","protected":false},"excerpt":{"rendered":"<p>Tal lo aprobado por la Junta Departamental, el titular Dr Eber Da Rosa har\u00e1 uso de su licencia anual hasta el 5 de febrero, periodo en el cual el secretario general asume el interinato como Intendente de Tacuaremb\u00f3.<\/p>\n","protected":false},"author":3,"featured_media":1750,"comment_status":"open","ping_status":"open","sticky":false,"template":"","format":"standard","meta":{"_eb_attr":"","footnotes":""},"categories":[16],"tags":[],"class_list":{"0":"post-1749","1":"post","2":"type-post","3":"status-publish","4":"format-standard","5":"has-post-thumbnail","7":"category-noticias"},"_links":{"self":[{"href":"https:\/\/tacuarembo.gub.uy\/index.php?rest_route=\/wp\/v2\/posts\/1749","targetHints":{"allow":["GET"]}}],"collection":[{"href":"https:\/\/tacuarembo.gub.uy\/index.php?rest_route=\/wp\/v2\/posts"}],"about":[{"href":"https:\/\/tacuarembo.gub.uy\/index.php?rest_route=\/wp\/v2\/types\/post"}],"author":[{"embeddable":true,"href":"https:\/\/tacuarembo.gub.uy\/index.php?rest_route=\/wp\/v2\/users\/3"}],"replies":[{"embeddable":true,"href":"https:\/\/tacuarembo.gub.uy\/index.php?rest_route=%2Fwp%2Fv2%2Fcomments&post=1749"}],"version-history":[{"count":6,"href":"https:\/\/tacuarembo.gub.uy\/index.php?rest_route=\/wp\/v2\/posts\/1749\/revisions"}],"predecessor-version":[{"id":1761,"href":"https:\/\/tacuarembo.gub.uy\/index.php?rest_route=\/wp\/v2\/posts\/1749\/revisions\/1761"}],"wp:featuredmedia":[{"embeddable":true,"href":"https:\/\/tacuarembo.gub.uy\/index.php?rest_route=\/wp\/v2\/media\/1750"}],"wp:attachment":[{"href":"https:\/\/tacuarembo.gub.uy\/index.php?rest_route=%2Fwp%2Fv2%2Fmedia&parent=1749"}],"wp:term":[{"taxonomy":"category","embeddable":true,"href":"https:\/\/tacuarembo.gub.uy\/index.php?rest_route=%2Fwp%2Fv2%2Fcategories&post=1749"},{"taxonomy":"post_tag","embeddable":true,"href":"https:\/\/tacuarembo.gub.uy\/index.php?rest_route=%2Fwp%2Fv2%2Ftags&post=1749"}],"curies":[{"name":"wp","href":"https:\/\/api.w.org\/{rel}","templated":true}]}}