{"id":17366,"date":"2022-11-09T13:43:46","date_gmt":"2022-11-09T16:43:46","guid":{"rendered":"https:\/\/tacuarembo.gub.uy\/?p=17366"},"modified":"2022-11-09T13:44:24","modified_gmt":"2022-11-09T16:44:24","slug":"idt-presento-nueva-maquinaria-que-fortalecera-fuertemente-el-esquema-de-trabajo","status":"publish","type":"post","link":"https:\/\/tacuarembo.gub.uy\/?p=17366","title":{"rendered":"IDT present\u00f3 nueva maquinaria que \u201cfortalecer\u00e1 fuertemente el esquema de trabajo\u201d"},"content":{"rendered":"\n<p>As\u00ed lo afirm\u00f3 el intendente de Tacuaremb\u00f3, Wilson Ezquerra, al referirse a la llegada de dos retroexcavadoras, cuatro cilindros y tres motoniveladoras. Adem\u00e1s, se\u00f1al\u00f3 que \u201ces importante reforzar el parque de maquinaria porque eso redunda en mejores servicios para la ciudadan\u00eda\u201d.<\/p>\n\n\n\n<p>Estos veh\u00edculos se suman a los 10 camiones que la Intendencia de Tacuaremb\u00f3 recibi\u00f3 y present\u00f3 d\u00edas atr\u00e1s.<\/p>\n\n\n\n<p>Ezquerra remarc\u00f3 que \u201cson herramientas de trabajo que ayudar\u00e1n a mejorar las tareas de caminer\u00eda rural y en las zonas urbanas y suburbanas del departamento\u201d. Se trata de \u201cuna muy buena inversi\u00f3n para dar respuesta a la parte vial porque los equipos son fundamentales\u201d.<\/p>\n\n\n\n<figure class=\"wp-block-embed is-provider-youtube wp-block-embed-youtube\"><div class=\"wp-block-embed__wrapper\">\n<iframe loading=\"lazy\" title=\"Incorporaci\u00f3n de maquinaria nueva.\" width=\"1080\" height=\"608\" src=\"https:\/\/www.youtube.com\/embed\/xxLerkX5T-U?feature=oembed\" frameborder=\"0\" allow=\"accelerometer; autoplay; clipboard-write; encrypted-media; gyroscope; picture-in-picture; web-share\" referrerpolicy=\"strict-origin-when-cross-origin\" allowfullscreen><\/iframe>\n<\/div><\/figure>\n\n\n\n<p>De esta manera, \u201cestamos fortaleciendo fuertemente el esquema de trabajo y sumando servicios porque as\u00ed como llegaron barom\u00e9tricas y camiones recolectores, tambi\u00e9n vinieron 850 contenedores nuevos que se van a estar colocando en los pr\u00f3ximos d\u00edas en los distintos puntos de la ciudad\u201d. En ese sentido, agreg\u00f3 que se analiza la posibilidad de colocarles un chip para saber su ubicaci\u00f3n y hacerles un seguimiento, al tiempo que destac\u00f3 la relevancia de incorporar tecnolog\u00eda en estos procesos.<\/p>\n\n\n\n<p>Por \u00faltimo, Ezquerra dijo que restan llegar retroexcavadoras de bandas y rodillos para los distintas alcald\u00edas, as\u00ed como equipos de riego bituminoso que \u201cnos dar\u00e1n un aporte importante en lo que queda del per\u00edodo de gobierno\u201d.<\/p>\n\n\n\n\t\t<style type=\"text\/css\">\n\t\t\t#gallery-1 {\n\t\t\t\tmargin: auto;\n\t\t\t}\n\t\t\t#gallery-1 .gallery-item {\n\t\t\t\tfloat: left;\n\t\t\t\tmargin-top: 10px;\n\t\t\t\ttext-align: center;\n\t\t\t\twidth: 33%;\n\t\t\t}\n\t\t\t#gallery-1 img {\n\t\t\t\tborder: 2px solid #cfcfcf;\n\t\t\t}\n\t\t\t#gallery-1 .gallery-caption {\n\t\t\t\tmargin-left: 0;\n\t\t\t}\n\t\t\t\/* see gallery_shortcode() in wp-includes\/media.php *\/\n\t\t<\/style>\n\t\t<div id='gallery-1' class='gallery galleryid-17366 gallery-columns-3 gallery-size-full'><dl class='gallery-item'>\n\t\t\t<dt class='gallery-icon landscape'>\n\t\t\t\t<a href='https:\/\/tacuarembo.gub.uy\/?attachment_id=17367'><img loading=\"lazy\" decoding=\"async\" width=\"1024\" height=\"768\" src=\"https:\/\/tacuarembo.gub.uy\/wp-content\/uploads\/WhatsApp-Image-2022-11-09-at-13.39.461.jpeg\" class=\"attachment-full size-full\" alt=\"\" srcset=\"https:\/\/tacuarembo.gub.uy\/wp-content\/uploads\/WhatsApp-Image-2022-11-09-at-13.39.461.jpeg 1024w, https:\/\/tacuarembo.gub.uy\/wp-content\/uploads\/WhatsApp-Image-2022-11-09-at-13.39.461-768x576.jpeg 768w\" sizes=\"auto, (max-width: 1024px) 100vw, 1024px\" \/><\/a>\n\t\t\t<\/dt><\/dl><dl class='gallery-item'>\n\t\t\t<dt class='gallery-icon landscape'>\n\t\t\t\t<a href='https:\/\/tacuarembo.gub.uy\/?attachment_id=17368'><img loading=\"lazy\" decoding=\"async\" width=\"1024\" height=\"768\" src=\"https:\/\/tacuarembo.gub.uy\/wp-content\/uploads\/WhatsApp-Image-2022-11-09-at-13.39.46.jpeg\" class=\"attachment-full size-full\" alt=\"\" srcset=\"https:\/\/tacuarembo.gub.uy\/wp-content\/uploads\/WhatsApp-Image-2022-11-09-at-13.39.46.jpeg 1024w, https:\/\/tacuarembo.gub.uy\/wp-content\/uploads\/WhatsApp-Image-2022-11-09-at-13.39.46-768x576.jpeg 768w\" sizes=\"auto, (max-width: 1024px) 100vw, 1024px\" \/><\/a>\n\t\t\t<\/dt><\/dl><dl class='gallery-item'>\n\t\t\t<dt class='gallery-icon landscape'>\n\t\t\t\t<a href='https:\/\/tacuarembo.gub.uy\/?attachment_id=17369'><img loading=\"lazy\" decoding=\"async\" width=\"1024\" height=\"768\" src=\"https:\/\/tacuarembo.gub.uy\/wp-content\/uploads\/WhatsApp-Image-2022-11-09-at-13.39.451.jpeg\" class=\"attachment-full size-full\" alt=\"\" srcset=\"https:\/\/tacuarembo.gub.uy\/wp-content\/uploads\/WhatsApp-Image-2022-11-09-at-13.39.451.jpeg 1024w, https:\/\/tacuarembo.gub.uy\/wp-content\/uploads\/WhatsApp-Image-2022-11-09-at-13.39.451-768x576.jpeg 768w\" sizes=\"auto, (max-width: 1024px) 100vw, 1024px\" \/><\/a>\n\t\t\t<\/dt><\/dl><br style=\"clear: both\" \/><dl class='gallery-item'>\n\t\t\t<dt class='gallery-icon landscape'>\n\t\t\t\t<a href='https:\/\/tacuarembo.gub.uy\/?attachment_id=17370'><img loading=\"lazy\" decoding=\"async\" width=\"1024\" height=\"768\" src=\"https:\/\/tacuarembo.gub.uy\/wp-content\/uploads\/WhatsApp-Image-2022-11-09-at-13.39.45.jpeg\" class=\"attachment-full size-full\" alt=\"\" srcset=\"https:\/\/tacuarembo.gub.uy\/wp-content\/uploads\/WhatsApp-Image-2022-11-09-at-13.39.45.jpeg 1024w, https:\/\/tacuarembo.gub.uy\/wp-content\/uploads\/WhatsApp-Image-2022-11-09-at-13.39.45-768x576.jpeg 768w\" sizes=\"auto, (max-width: 1024px) 100vw, 1024px\" \/><\/a>\n\t\t\t<\/dt><\/dl>\n\t\t\t<br style='clear: both' \/>\n\t\t<\/div>\n","protected":false},"excerpt":{"rendered":"<p>As\u00ed lo afirm\u00f3 el intendente de Tacuaremb\u00f3, Wilson Ezquerra, al referirse a la llegada de dos retroexcavadoras, cuatro cilindros y tres motoniveladoras. Adem\u00e1s, se\u00f1al\u00f3 que \u201ces importante reforzar el parque de maquinaria porque eso redunda en mejores servicios para la ciudadan\u00eda\u201d<\/p>\n","protected":false},"author":3,"featured_media":17370,"comment_status":"open","ping_status":"open","sticky":false,"template":"","format":"standard","meta":{"_eb_attr":"","footnotes":""},"categories":[16],"tags":[],"class_list":{"0":"post-17366","1":"post","2":"type-post","3":"status-publish","4":"format-standard","5":"has-post-thumbnail","7":"category-noticias"},"_links":{"self":[{"href":"https:\/\/tacuarembo.gub.uy\/index.php?rest_route=\/wp\/v2\/posts\/17366","targetHints":{"allow":["GET"]}}],"collection":[{"href":"https:\/\/tacuarembo.gub.uy\/index.php?rest_route=\/wp\/v2\/posts"}],"about":[{"href":"https:\/\/tacuarembo.gub.uy\/index.php?rest_route=\/wp\/v2\/types\/post"}],"author":[{"embeddable":true,"href":"https:\/\/tacuarembo.gub.uy\/index.php?rest_route=\/wp\/v2\/users\/3"}],"replies":[{"embeddable":true,"href":"https:\/\/tacuarembo.gub.uy\/index.php?rest_route=%2Fwp%2Fv2%2Fcomments&post=17366"}],"version-history":[{"count":2,"href":"https:\/\/tacuarembo.gub.uy\/index.php?rest_route=\/wp\/v2\/posts\/17366\/revisions"}],"predecessor-version":[{"id":17372,"href":"https:\/\/tacuarembo.gub.uy\/index.php?rest_route=\/wp\/v2\/posts\/17366\/revisions\/17372"}],"wp:featuredmedia":[{"embeddable":true,"href":"https:\/\/tacuarembo.gub.uy\/index.php?rest_route=\/wp\/v2\/media\/17370"}],"wp:attachment":[{"href":"https:\/\/tacuarembo.gub.uy\/index.php?rest_route=%2Fwp%2Fv2%2Fmedia&parent=17366"}],"wp:term":[{"taxonomy":"category","embeddable":true,"href":"https:\/\/tacuarembo.gub.uy\/index.php?rest_route=%2Fwp%2Fv2%2Fcategories&post=17366"},{"taxonomy":"post_tag","embeddable":true,"href":"https:\/\/tacuarembo.gub.uy\/index.php?rest_route=%2Fwp%2Fv2%2Ftags&post=17366"}],"curies":[{"name":"wp","href":"https:\/\/api.w.org\/{rel}","templated":true}]}}