{"id":17356,"date":"2022-11-08T12:19:49","date_gmt":"2022-11-08T15:19:49","guid":{"rendered":"https:\/\/tacuarembo.gub.uy\/?p=17356"},"modified":"2022-11-09T11:07:52","modified_gmt":"2022-11-09T14:07:52","slug":"un-total-de-56-participantes-seran-parte-del-certamen-veni-a-cantarle-a-gardel","status":"publish","type":"post","link":"https:\/\/tacuarembo.gub.uy\/?p=17356","title":{"rendered":"Un total de 56 participantes ser\u00e1n parte del certamen \u201cVen\u00ed a cantarle a Gardel\u201d"},"content":{"rendered":"\n<p>El evento, que se perfila como uno de los m\u00e1s importantes en material musical, se desarrollar\u00e1 los d\u00edas 11, 12 y 13 de noviembre en el Club Democr\u00e1tico de Tacuaremb\u00f3. Durante las tres jornadas se comenzar\u00e1 a las 19 horas.<\/p>\n\n\n\n<figure class=\"wp-block-image size-large\"><img loading=\"lazy\" decoding=\"async\" width=\"800\" height=\"420\" src=\"https:\/\/tacuarembo.gub.uy\/wp-content\/uploads\/WhatsApp-Image-2022-11-08-at-12.17.481-800x420.jpeg\" alt=\"\" class=\"wp-image-17357\"\/><\/figure>\n\n\n\n<p>El director general de Educaci\u00f3n y Cultura, Carlos Arezo, brind\u00f3 una conferencia de prensa con la finalidad de dar a conocer todos los detalles e invitar a la poblaci\u00f3n a acompa\u00f1ar la presente edici\u00f3n. Es importante recordar que el ingreso es libre y gratuito para todo p\u00fablico.<\/p>\n\n\n\n<p>Remarc\u00f3 que hubo una muy buena convocatoria con 56 participantes inscriptos y un equilibrio en la cantidad de anotados dentro de las categor\u00edas tropical, tango mel\u00f3dico y revelaci\u00f3n donde cada una cuenta con 10 postulantes. En tanto, indic\u00f3 que \u201csobresale el folclore con 16 participantes\u201d.<\/p>\n\n\n\n<figure class=\"wp-block-image size-large\"><img loading=\"lazy\" decoding=\"async\" width=\"800\" height=\"420\" src=\"https:\/\/tacuarembo.gub.uy\/wp-content\/uploads\/WhatsApp-Image-2022-11-08-at-12.17.48-800x420.jpeg\" alt=\"\" class=\"wp-image-17358\"\/><\/figure>\n\n\n\n<p>Arezo destac\u00f3 que \u201clo m\u00e1s importante es que vendr\u00e1n personas de 12 departamentos: Colonia, Cerro Largo, Rivera, Artigas, Salto, Paysand\u00fa, Maldonado, Soriano, Flores, Florida, Lavalleja y Tacuaremb\u00f3\u201d.<\/p>\n\n\n\n<p>Respecto al cronograma, explic\u00f3 que el viernes 11 se presentar\u00e1n los artistas locales y de la regi\u00f3n norte y el s\u00e1bado 12 lo har\u00e1n los de la regi\u00f3n sur. Por su parte, el domingo 13 se llevar\u00e1n a cabo las semifinales y finales.<\/p>\n\n\n\n<figure class=\"wp-block-embed is-provider-youtube wp-block-embed-youtube\"><div class=\"wp-block-embed__wrapper\">\n<iframe loading=\"lazy\" title=\"Concurso &quot;Veni a cantarle a Gardel&quot; 2022\" width=\"1080\" height=\"608\" src=\"https:\/\/www.youtube.com\/embed\/4L9MUpmRt4U?feature=oembed\" frameborder=\"0\" allow=\"accelerometer; autoplay; clipboard-write; encrypted-media; gyroscope; picture-in-picture; web-share\" referrerpolicy=\"strict-origin-when-cross-origin\" allowfullscreen><\/iframe>\n<\/div><\/figure>\n","protected":false},"excerpt":{"rendered":"<p>El evento, que se perfila como uno de los m\u00e1s importantes en material musical, se desarrollar\u00e1 los d\u00edas 11, 12 y 13 de noviembre en el Club Democr\u00e1tico de Tacuaremb\u00f3. Durante las tres jornadas se comenzar\u00e1 a las 19 horas.<\/p>\n","protected":false},"author":3,"featured_media":17358,"comment_status":"open","ping_status":"open","sticky":false,"template":"","format":"standard","meta":{"_eb_attr":"","footnotes":""},"categories":[18,16],"tags":[],"class_list":{"0":"post-17356","1":"post","2":"type-post","3":"status-publish","4":"format-standard","5":"has-post-thumbnail","7":"category-cultura","8":"category-noticias"},"_links":{"self":[{"href":"https:\/\/tacuarembo.gub.uy\/index.php?rest_route=\/wp\/v2\/posts\/17356","targetHints":{"allow":["GET"]}}],"collection":[{"href":"https:\/\/tacuarembo.gub.uy\/index.php?rest_route=\/wp\/v2\/posts"}],"about":[{"href":"https:\/\/tacuarembo.gub.uy\/index.php?rest_route=\/wp\/v2\/types\/post"}],"author":[{"embeddable":true,"href":"https:\/\/tacuarembo.gub.uy\/index.php?rest_route=\/wp\/v2\/users\/3"}],"replies":[{"embeddable":true,"href":"https:\/\/tacuarembo.gub.uy\/index.php?rest_route=%2Fwp%2Fv2%2Fcomments&post=17356"}],"version-history":[{"count":2,"href":"https:\/\/tacuarembo.gub.uy\/index.php?rest_route=\/wp\/v2\/posts\/17356\/revisions"}],"predecessor-version":[{"id":17365,"href":"https:\/\/tacuarembo.gub.uy\/index.php?rest_route=\/wp\/v2\/posts\/17356\/revisions\/17365"}],"wp:featuredmedia":[{"embeddable":true,"href":"https:\/\/tacuarembo.gub.uy\/index.php?rest_route=\/wp\/v2\/media\/17358"}],"wp:attachment":[{"href":"https:\/\/tacuarembo.gub.uy\/index.php?rest_route=%2Fwp%2Fv2%2Fmedia&parent=17356"}],"wp:term":[{"taxonomy":"category","embeddable":true,"href":"https:\/\/tacuarembo.gub.uy\/index.php?rest_route=%2Fwp%2Fv2%2Fcategories&post=17356"},{"taxonomy":"post_tag","embeddable":true,"href":"https:\/\/tacuarembo.gub.uy\/index.php?rest_route=%2Fwp%2Fv2%2Ftags&post=17356"}],"curies":[{"name":"wp","href":"https:\/\/api.w.org\/{rel}","templated":true}]}}