{"id":17343,"date":"2022-11-07T16:27:05","date_gmt":"2022-11-07T19:27:05","guid":{"rendered":"https:\/\/tacuarembo.gub.uy\/?p=17343"},"modified":"2022-11-07T16:27:05","modified_gmt":"2022-11-07T19:27:05","slug":"idt-entrego-canastas-de-alimentos-a-familias-carenciadas-de-los-molles-y-curbelo","status":"publish","type":"post","link":"https:\/\/tacuarembo.gub.uy\/?p=17343","title":{"rendered":"IDT entreg\u00f3 canastas de alimentos a familias carenciadas de Los Molles y Curbelo"},"content":{"rendered":"\n<p>Al igual que en el mes de setiembre, la Direcci\u00f3n General de Desarrollo Social de la IDT despleg\u00f3 acciones en el Centro de Barrio N.\u00ba 7 para asistir a las familias m\u00e1s vulnerables de esas zonas de Tacuaremb\u00f3.<\/p>\n\n\n\n<p>En el marco de las acciones que lleva adelante la Intendencia de Tacuaremb\u00f3, junto al Instituto Nacional de Alimentaci\u00f3n (INDA), se entendi\u00f3 pertinente \u201cpriorizar\u201d la entrega de canastas de alimentos a familias que residen en los barrios Los Molles y Curbelo, teniendo en cuenta el contexto y su situaci\u00f3n socioecon\u00f3mica, indic\u00f3 el director general de Desarrollo Social, Sergio Porcile.<\/p>\n\n\n\n<p>De esta manera, \u201ctratamos de ayudar a quienes m\u00e1s lo necesitan, principalmente a familias numerosas y con ni\u00f1os peque\u00f1os que requieren del apoyo de los programas de alimentaci\u00f3n porque se encuentran en zonas alejadas de los centros de distribuci\u00f3n donde diariamente se ofrece el servicio de comedor\u201d.<\/p>\n\n\n\n<p>Porcile puntualiz\u00f3 que \u201cse entregaron canastas de alimentos a un total de 59 familias\u201d.<\/p>\n\n\n\n\t\t<style type=\"text\/css\">\n\t\t\t#gallery-1 {\n\t\t\t\tmargin: auto;\n\t\t\t}\n\t\t\t#gallery-1 .gallery-item {\n\t\t\t\tfloat: left;\n\t\t\t\tmargin-top: 10px;\n\t\t\t\ttext-align: center;\n\t\t\t\twidth: 33%;\n\t\t\t}\n\t\t\t#gallery-1 img {\n\t\t\t\tborder: 2px solid #cfcfcf;\n\t\t\t}\n\t\t\t#gallery-1 .gallery-caption {\n\t\t\t\tmargin-left: 0;\n\t\t\t}\n\t\t\t\/* see gallery_shortcode() in wp-includes\/media.php *\/\n\t\t<\/style>\n\t\t<div id='gallery-1' class='gallery galleryid-17343 gallery-columns-3 gallery-size-full'><dl class='gallery-item'>\n\t\t\t<dt class='gallery-icon landscape'>\n\t\t\t\t<a href='https:\/\/tacuarembo.gub.uy\/?attachment_id=17344'><img loading=\"lazy\" decoding=\"async\" width=\"900\" height=\"666\" src=\"https:\/\/tacuarembo.gub.uy\/wp-content\/uploads\/WhatsApp-Image-2022-11-07-at-16.20.191.jpeg\" class=\"attachment-full size-full\" alt=\"\" srcset=\"https:\/\/tacuarembo.gub.uy\/wp-content\/uploads\/WhatsApp-Image-2022-11-07-at-16.20.191.jpeg 900w, https:\/\/tacuarembo.gub.uy\/wp-content\/uploads\/WhatsApp-Image-2022-11-07-at-16.20.191-768x568.jpeg 768w\" sizes=\"auto, (max-width: 900px) 100vw, 900px\" \/><\/a>\n\t\t\t<\/dt><\/dl><dl class='gallery-item'>\n\t\t\t<dt class='gallery-icon landscape'>\n\t\t\t\t<a href='https:\/\/tacuarembo.gub.uy\/?attachment_id=17345'><img loading=\"lazy\" decoding=\"async\" width=\"1536\" height=\"1136\" src=\"https:\/\/tacuarembo.gub.uy\/wp-content\/uploads\/WhatsApp-Image-2022-11-07-at-16.20.19.jpeg\" class=\"attachment-full size-full\" alt=\"\" srcset=\"https:\/\/tacuarembo.gub.uy\/wp-content\/uploads\/WhatsApp-Image-2022-11-07-at-16.20.19.jpeg 1536w, https:\/\/tacuarembo.gub.uy\/wp-content\/uploads\/WhatsApp-Image-2022-11-07-at-16.20.19-768x568.jpeg 768w\" sizes=\"auto, (max-width: 1536px) 100vw, 1536px\" \/><\/a>\n\t\t\t<\/dt><\/dl><dl class='gallery-item'>\n\t\t\t<dt class='gallery-icon landscape'>\n\t\t\t\t<a href='https:\/\/tacuarembo.gub.uy\/?attachment_id=17346'><img loading=\"lazy\" decoding=\"async\" width=\"895\" height=\"707\" src=\"https:\/\/tacuarembo.gub.uy\/wp-content\/uploads\/WhatsApp-Image-2022-11-07-at-16.20.181.jpeg\" class=\"attachment-full size-full\" alt=\"\" srcset=\"https:\/\/tacuarembo.gub.uy\/wp-content\/uploads\/WhatsApp-Image-2022-11-07-at-16.20.181.jpeg 895w, https:\/\/tacuarembo.gub.uy\/wp-content\/uploads\/WhatsApp-Image-2022-11-07-at-16.20.181-768x607.jpeg 768w\" sizes=\"auto, (max-width: 895px) 100vw, 895px\" \/><\/a>\n\t\t\t<\/dt><\/dl><br style=\"clear: both\" \/><dl class='gallery-item'>\n\t\t\t<dt class='gallery-icon landscape'>\n\t\t\t\t<a href='https:\/\/tacuarembo.gub.uy\/?attachment_id=17347'><img loading=\"lazy\" decoding=\"async\" width=\"900\" height=\"652\" src=\"https:\/\/tacuarembo.gub.uy\/wp-content\/uploads\/WhatsApp-Image-2022-11-07-at-16.20.18.jpeg\" class=\"attachment-full size-full\" alt=\"\" srcset=\"https:\/\/tacuarembo.gub.uy\/wp-content\/uploads\/WhatsApp-Image-2022-11-07-at-16.20.18.jpeg 900w, https:\/\/tacuarembo.gub.uy\/wp-content\/uploads\/WhatsApp-Image-2022-11-07-at-16.20.18-768x556.jpeg 768w\" sizes=\"auto, (max-width: 900px) 100vw, 900px\" \/><\/a>\n\t\t\t<\/dt><\/dl><dl class='gallery-item'>\n\t\t\t<dt class='gallery-icon landscape'>\n\t\t\t\t<a href='https:\/\/tacuarembo.gub.uy\/?attachment_id=17348'><img loading=\"lazy\" decoding=\"async\" width=\"900\" height=\"634\" src=\"https:\/\/tacuarembo.gub.uy\/wp-content\/uploads\/WhatsApp-Image-2022-11-07-at-16.20.17.jpeg\" class=\"attachment-full size-full\" alt=\"\" srcset=\"https:\/\/tacuarembo.gub.uy\/wp-content\/uploads\/WhatsApp-Image-2022-11-07-at-16.20.17.jpeg 900w, https:\/\/tacuarembo.gub.uy\/wp-content\/uploads\/WhatsApp-Image-2022-11-07-at-16.20.17-200x140.jpeg 200w, https:\/\/tacuarembo.gub.uy\/wp-content\/uploads\/WhatsApp-Image-2022-11-07-at-16.20.17-768x541.jpeg 768w\" sizes=\"auto, (max-width: 900px) 100vw, 900px\" \/><\/a>\n\t\t\t<\/dt><\/dl>\n\t\t\t<br style='clear: both' \/>\n\t\t<\/div>\n\n\n\n\n\n\n","protected":false},"excerpt":{"rendered":"<p>Al igual que en el mes de setiembre, la Direcci\u00f3n General de Desarrollo Social de la IDT despleg\u00f3 acciones en el Centro de Barrio N.\u00ba 7 para asistir a las familias m\u00e1s vulnerables de esas zonas de Tacuaremb\u00f3<\/p>\n","protected":false},"author":3,"featured_media":17347,"comment_status":"open","ping_status":"open","sticky":false,"template":"","format":"standard","meta":{"_eb_attr":"","footnotes":""},"categories":[19,16],"tags":[],"class_list":{"0":"post-17343","1":"post","2":"type-post","3":"status-publish","4":"format-standard","5":"has-post-thumbnail","7":"category-didesol","8":"category-noticias"},"_links":{"self":[{"href":"https:\/\/tacuarembo.gub.uy\/index.php?rest_route=\/wp\/v2\/posts\/17343","targetHints":{"allow":["GET"]}}],"collection":[{"href":"https:\/\/tacuarembo.gub.uy\/index.php?rest_route=\/wp\/v2\/posts"}],"about":[{"href":"https:\/\/tacuarembo.gub.uy\/index.php?rest_route=\/wp\/v2\/types\/post"}],"author":[{"embeddable":true,"href":"https:\/\/tacuarembo.gub.uy\/index.php?rest_route=\/wp\/v2\/users\/3"}],"replies":[{"embeddable":true,"href":"https:\/\/tacuarembo.gub.uy\/index.php?rest_route=%2Fwp%2Fv2%2Fcomments&post=17343"}],"version-history":[{"count":1,"href":"https:\/\/tacuarembo.gub.uy\/index.php?rest_route=\/wp\/v2\/posts\/17343\/revisions"}],"predecessor-version":[{"id":17349,"href":"https:\/\/tacuarembo.gub.uy\/index.php?rest_route=\/wp\/v2\/posts\/17343\/revisions\/17349"}],"wp:featuredmedia":[{"embeddable":true,"href":"https:\/\/tacuarembo.gub.uy\/index.php?rest_route=\/wp\/v2\/media\/17347"}],"wp:attachment":[{"href":"https:\/\/tacuarembo.gub.uy\/index.php?rest_route=%2Fwp%2Fv2%2Fmedia&parent=17343"}],"wp:term":[{"taxonomy":"category","embeddable":true,"href":"https:\/\/tacuarembo.gub.uy\/index.php?rest_route=%2Fwp%2Fv2%2Fcategories&post=17343"},{"taxonomy":"post_tag","embeddable":true,"href":"https:\/\/tacuarembo.gub.uy\/index.php?rest_route=%2Fwp%2Fv2%2Ftags&post=17343"}],"curies":[{"name":"wp","href":"https:\/\/api.w.org\/{rel}","templated":true}]}}