{"id":1722,"date":"2019-01-15T11:59:54","date_gmt":"2019-01-15T11:59:54","guid":{"rendered":"https:\/\/tacuarembo.gub.uy\/?p=1722"},"modified":"2019-01-15T14:06:15","modified_gmt":"2019-01-15T14:06:15","slug":"fiesta-popular-carnaval-2019","status":"publish","type":"post","link":"https:\/\/tacuarembo.gub.uy\/?p=1722","title":{"rendered":"Fiesta Popular \u201cCarnaval 2019\u201d"},"content":{"rendered":"\n<p>Una noche, un ensayo, una murga, una comparsa; como en todos los cuentos, hab\u00eda una vez, el 16 de Febrero, el Carnaval de Tacuaremb\u00f3 comienza a escribir una nueva p\u00e1gina de la historia.<\/p>\n\n\n\n<p><strong>Calendario Carnaval Tacuaremb\u00f3 2019<\/strong><\/p>\n\n\n\n<p>S\u00e1bado 16 de Febrero: Elecci\u00f3n de Reinas en la Laguna de las Lavanderas (Actuar\u00e1 Karibe con K).<\/p>\n\n\n\n<p>S\u00e1bado 23 de Febrero: Desfile Inaugural.<\/p>\n\n\n\n<p>Mi\u00e9rcoles 27  de Febrero: Primera Rueda Concurso Oficial.<\/p>\n\n\n\n<p>Jueves 28  de Febrero: Primera Rueda Concurso Oficial.<\/p>\n\n\n\n<p>S\u00e1bado 2 de Marzo: Desfile de Llamadas.<\/p>\n\n\n\n<p>Domingo 3 de Marzo: Desfile Infantil.<\/p>\n\n\n\n<p>Mi\u00e9rcoles 6 de Marzo: Segunda Rueda Concurso Oficial.<\/p>\n\n\n\n<p>Jueves 7 de Marzo: Segunda Rueda Concurso Oficial.<\/p>\n\n\n\n<p>Viernes 8 de Marzo: Desfile Final.<\/p>\n\n\n\n<p>Domingo 10: Entrega de Premios.<\/p>\n\n\n\n\t\t<style type=\"text\/css\">\n\t\t\t#gallery-1 {\n\t\t\t\tmargin: auto;\n\t\t\t}\n\t\t\t#gallery-1 .gallery-item {\n\t\t\t\tfloat: left;\n\t\t\t\tmargin-top: 10px;\n\t\t\t\ttext-align: center;\n\t\t\t\twidth: 33%;\n\t\t\t}\n\t\t\t#gallery-1 img {\n\t\t\t\tborder: 2px solid #cfcfcf;\n\t\t\t}\n\t\t\t#gallery-1 .gallery-caption {\n\t\t\t\tmargin-left: 0;\n\t\t\t}\n\t\t\t\/* see gallery_shortcode() in wp-includes\/media.php *\/\n\t\t<\/style>\n\t\t<div id='gallery-1' class='gallery galleryid-1722 gallery-columns-3 gallery-size-thumbnail'><dl class='gallery-item'>\n\t\t\t<dt class='gallery-icon landscape'>\n\t\t\t\t<a href='https:\/\/tacuarembo.gub.uy\/wp-content\/uploads\/WhatsApp-Image-2019-01-15-at-09.55.20.jpeg'><img loading=\"lazy\" decoding=\"async\" width=\"200\" height=\"140\" src=\"https:\/\/tacuarembo.gub.uy\/wp-content\/uploads\/WhatsApp-Image-2019-01-15-at-09.55.20-200x140.jpeg\" class=\"attachment-thumbnail size-thumbnail\" alt=\"\" \/><\/a>\n\t\t\t<\/dt><\/dl><dl class='gallery-item'>\n\t\t\t<dt class='gallery-icon landscape'>\n\t\t\t\t<a href='https:\/\/tacuarembo.gub.uy\/wp-content\/uploads\/WhatsApp-Image-2019-01-15-at-10.23.22.jpeg'><img loading=\"lazy\" decoding=\"async\" width=\"200\" height=\"140\" src=\"https:\/\/tacuarembo.gub.uy\/wp-content\/uploads\/WhatsApp-Image-2019-01-15-at-10.23.22-200x140.jpeg\" class=\"attachment-thumbnail size-thumbnail\" alt=\"\" \/><\/a>\n\t\t\t<\/dt><\/dl><dl class='gallery-item'>\n\t\t\t<dt class='gallery-icon landscape'>\n\t\t\t\t<a href='https:\/\/tacuarembo.gub.uy\/wp-content\/uploads\/WhatsApp-Image-2019-01-15-at-10.23.26.jpeg'><img loading=\"lazy\" decoding=\"async\" width=\"200\" height=\"140\" src=\"https:\/\/tacuarembo.gub.uy\/wp-content\/uploads\/WhatsApp-Image-2019-01-15-at-10.23.26-200x140.jpeg\" class=\"attachment-thumbnail size-thumbnail\" alt=\"\" \/><\/a>\n\t\t\t<\/dt><\/dl><br style=\"clear: both\" \/><dl class='gallery-item'>\n\t\t\t<dt class='gallery-icon landscape'>\n\t\t\t\t<a href='https:\/\/tacuarembo.gub.uy\/wp-content\/uploads\/WhatsApp-Image-2019-01-15-at-10.23.30.jpeg'><img loading=\"lazy\" decoding=\"async\" width=\"200\" height=\"140\" src=\"https:\/\/tacuarembo.gub.uy\/wp-content\/uploads\/WhatsApp-Image-2019-01-15-at-10.23.30-200x140.jpeg\" class=\"attachment-thumbnail size-thumbnail\" alt=\"\" \/><\/a>\n\t\t\t<\/dt><\/dl>\n\t\t\t<br style='clear: both' \/>\n\t\t<\/div>\n","protected":false},"excerpt":{"rendered":"<p>Una noche, un ensayo, una murga, una comparsa; como en todos los cuentos, hab\u00eda una vez, el 16 de Febrero, el Carnaval de Tacuaremb\u00f3 comienza a escribir una nueva p\u00e1gina de la historia.<\/p>\n","protected":false},"author":3,"featured_media":1738,"comment_status":"open","ping_status":"open","sticky":false,"template":"","format":"standard","meta":{"_eb_attr":"","footnotes":""},"categories":[16],"tags":[],"class_list":{"0":"post-1722","1":"post","2":"type-post","3":"status-publish","4":"format-standard","5":"has-post-thumbnail","7":"category-noticias"},"_links":{"self":[{"href":"https:\/\/tacuarembo.gub.uy\/index.php?rest_route=\/wp\/v2\/posts\/1722","targetHints":{"allow":["GET"]}}],"collection":[{"href":"https:\/\/tacuarembo.gub.uy\/index.php?rest_route=\/wp\/v2\/posts"}],"about":[{"href":"https:\/\/tacuarembo.gub.uy\/index.php?rest_route=\/wp\/v2\/types\/post"}],"author":[{"embeddable":true,"href":"https:\/\/tacuarembo.gub.uy\/index.php?rest_route=\/wp\/v2\/users\/3"}],"replies":[{"embeddable":true,"href":"https:\/\/tacuarembo.gub.uy\/index.php?rest_route=%2Fwp%2Fv2%2Fcomments&post=1722"}],"version-history":[{"count":2,"href":"https:\/\/tacuarembo.gub.uy\/index.php?rest_route=\/wp\/v2\/posts\/1722\/revisions"}],"predecessor-version":[{"id":1743,"href":"https:\/\/tacuarembo.gub.uy\/index.php?rest_route=\/wp\/v2\/posts\/1722\/revisions\/1743"}],"wp:featuredmedia":[{"embeddable":true,"href":"https:\/\/tacuarembo.gub.uy\/index.php?rest_route=\/wp\/v2\/media\/1738"}],"wp:attachment":[{"href":"https:\/\/tacuarembo.gub.uy\/index.php?rest_route=%2Fwp%2Fv2%2Fmedia&parent=1722"}],"wp:term":[{"taxonomy":"category","embeddable":true,"href":"https:\/\/tacuarembo.gub.uy\/index.php?rest_route=%2Fwp%2Fv2%2Fcategories&post=1722"},{"taxonomy":"post_tag","embeddable":true,"href":"https:\/\/tacuarembo.gub.uy\/index.php?rest_route=%2Fwp%2Fv2%2Ftags&post=1722"}],"curies":[{"name":"wp","href":"https:\/\/api.w.org\/{rel}","templated":true}]}}