{"id":16409,"date":"2022-09-28T10:43:30","date_gmt":"2022-09-28T13:43:30","guid":{"rendered":"https:\/\/tacuarembo.gub.uy\/?p=16409"},"modified":"2022-09-28T10:44:09","modified_gmt":"2022-09-28T13:44:09","slug":"presentacion-del-informe-sobre-el-relevamiento-de-carpinterias-mipymes-en-tacuarembo","status":"publish","type":"post","link":"https:\/\/tacuarembo.gub.uy\/?p=16409","title":{"rendered":"Presentaci\u00f3n del informe sobre el relevamiento de carpinter\u00edas Mipymes en Tacuaremb\u00f3"},"content":{"rendered":"\n<p>El procedimiento se realiz\u00f3 en el marco de las actividades del proyecto denominado \u201cFortalecimiento de la industria de la madera en la Regi\u00f3n Norte, con \u00e9nfasis en la competitividad de las Mipymes\u201d, financiado por ANDE, el Congreso de Intendentes y la Uni\u00f3n Europea.<\/p>\n\n\n\n<p>Desde la Direcci\u00f3n de Proyectos de la Intendencia de Tacuaremb\u00f3 se invita a participar de la presentaci\u00f3n del informe con los resultados del relevamiento de carpinter\u00edas que contiene informaci\u00f3n calificada del sector. Ser\u00e1 el jueves 29 de setiembre, a la hora 9, a trav\u00e9s de una conferencia v\u00eda meet, la que se podr\u00e1 acceder ingresando en el siguiente link: <a href=\"http:\/\/Meet.google.com\/api-qqvi-rpm\">http:\/\/Meet.google.com\/api-qqvi-rpm<\/a><\/p>\n\n\n\n<p>Dicho proyecto se ejecut\u00f3 entre octubre de 2020 y hasta setiembre de 2022 por la Intendencia Departamental de Rivera, en su rol de entidad coordinadora, junto a la Intendencia Departamental<br>de Tacuaremb\u00f3 (IDT), el Municipio de Tranqueras y la Asociaci\u00f3n de Empresarios de la Madera y Afines (ADEMA). Asimismo, se cont\u00f3 con la colaboraci\u00f3n de la Red de Desarrollo Maderero (REDEMA) y del Ministerio de Industria, Energ\u00eda y Miner\u00eda de Uruguay (MIEM), a trav\u00e9s de la Direcci\u00f3n Nacional de Artesan\u00edas, Peque\u00f1as y Medianas Empresas (DINAPYME).<\/p>\n\n\n\n<figure class=\"wp-block-image size-full\"><img loading=\"lazy\" decoding=\"async\" width=\"698\" height=\"559\" src=\"https:\/\/tacuarembo.gub.uy\/wp-content\/uploads\/WhatsApp-Image-2022-09-28-at-10.42.17.jpeg\" alt=\"\" class=\"wp-image-16410\"\/><\/figure>\n\n\n\n<p>El trabajo permitir\u00e1 ampliar la informaci\u00f3n obtenida, mediante un relevamiento similar que se realiz\u00f3 para aserraderos MYPMES de Tacuaremb\u00f3 en 2021 y aportar al trabajo que se viene realizando desde hace varios a\u00f1os en la zona, a los efectos de tener una visi\u00f3n integral y acercarse<br>a la comprensi\u00f3n de las dificultades y oportunidades que existen en estas empresas MIPYMES, aportando al conocimiento sobre la realidad de la cadena de valor forestal-madera en su conjunto dentro de la regi\u00f3n Noreste del pa\u00eds.<\/p>\n\n\n\n<p>Por otra parte, pretende brindar informaci\u00f3n que pueda servir como insumo para an\u00e1lisis futuros, la toma de decisiones del gobierno departamental de Tacuaremb\u00f3 y de los gobiernos departamentales de la regi\u00f3n, autoridades nacionales e instituciones, asociaciones, empresas MIPYMES, actores del<br>sector privado y dem\u00e1s entidades que desarrollan actividades vinculadas con la industrializaci\u00f3n de la madera.<\/p>\n\n\n\n<p>El relevamiento de carpinter\u00edas MIPYMES del departamento de Tacuaremb\u00f3, se llev\u00f3 a cabo a trav\u00e9s de un trabajo coordinado por el equipo ejecutor del proyecto, con la participaci\u00f3n directa de la coordinadora de las actividades y estudiantes -en calidad de pasantes- de la carrera de Tecn\u00f3logo en Administraci\u00f3n y Contabilidad (TAC) y docentes de las carreras Tecn\u00f3logo en Administraci\u00f3n y Contabilidad e Ingenier\u00eda Forestal de la sede Tacuaremb\u00f3 del CENUR Noreste de la UDELAR.<\/p>\n\n\n\n<p>El material cuenta con los datos provenientes de los formularios de encuesta utilizados, del informe<br>realizado por los estudiantes bajo la supervisi\u00f3n de sus tutores y de la informaci\u00f3n recabada<br>por el equipo ejecutor durante las visitas t\u00e9cnicas y reuniones con los propietarios de carpinter\u00edas de Tacuaremb\u00f3 (objeto de estudio).<\/p>\n\n\n\n<p>Adem\u00e1s, representa un aprendizaje y una oportunidad de replicar la experiencia en otros departamentos, para poder seguir conociendo la realidad del resto de las empresas MIPYMES de la regi\u00f3n Noreste de Uruguay.<\/p>\n","protected":false},"excerpt":{"rendered":"<p>El procedimiento se realiz\u00f3 en el marco de las actividades del proyecto denominado \u201cFortalecimiento de la industria de la madera en la Regi\u00f3n Norte, con \u00e9nfasis en la competitividad de las Mipymes\u201d, financiado por ANDE, el Congreso de Intendentes y la Uni\u00f3n Europea.<\/p>\n","protected":false},"author":3,"featured_media":16410,"comment_status":"open","ping_status":"open","sticky":false,"template":"","format":"standard","meta":{"_eb_attr":"","footnotes":""},"categories":[30,16],"tags":[],"class_list":{"0":"post-16409","1":"post","2":"type-post","3":"status-publish","4":"format-standard","5":"has-post-thumbnail","7":"category-d-productivo","8":"category-noticias"},"_links":{"self":[{"href":"https:\/\/tacuarembo.gub.uy\/index.php?rest_route=\/wp\/v2\/posts\/16409","targetHints":{"allow":["GET"]}}],"collection":[{"href":"https:\/\/tacuarembo.gub.uy\/index.php?rest_route=\/wp\/v2\/posts"}],"about":[{"href":"https:\/\/tacuarembo.gub.uy\/index.php?rest_route=\/wp\/v2\/types\/post"}],"author":[{"embeddable":true,"href":"https:\/\/tacuarembo.gub.uy\/index.php?rest_route=\/wp\/v2\/users\/3"}],"replies":[{"embeddable":true,"href":"https:\/\/tacuarembo.gub.uy\/index.php?rest_route=%2Fwp%2Fv2%2Fcomments&post=16409"}],"version-history":[{"count":4,"href":"https:\/\/tacuarembo.gub.uy\/index.php?rest_route=\/wp\/v2\/posts\/16409\/revisions"}],"predecessor-version":[{"id":16414,"href":"https:\/\/tacuarembo.gub.uy\/index.php?rest_route=\/wp\/v2\/posts\/16409\/revisions\/16414"}],"wp:featuredmedia":[{"embeddable":true,"href":"https:\/\/tacuarembo.gub.uy\/index.php?rest_route=\/wp\/v2\/media\/16410"}],"wp:attachment":[{"href":"https:\/\/tacuarembo.gub.uy\/index.php?rest_route=%2Fwp%2Fv2%2Fmedia&parent=16409"}],"wp:term":[{"taxonomy":"category","embeddable":true,"href":"https:\/\/tacuarembo.gub.uy\/index.php?rest_route=%2Fwp%2Fv2%2Fcategories&post=16409"},{"taxonomy":"post_tag","embeddable":true,"href":"https:\/\/tacuarembo.gub.uy\/index.php?rest_route=%2Fwp%2Fv2%2Ftags&post=16409"}],"curies":[{"name":"wp","href":"https:\/\/api.w.org\/{rel}","templated":true}]}}