{"id":16383,"date":"2022-09-27T13:52:09","date_gmt":"2022-09-27T16:52:09","guid":{"rendered":"https:\/\/tacuarembo.gub.uy\/?p=16383"},"modified":"2022-09-27T13:52:09","modified_gmt":"2022-09-27T16:52:09","slug":"plan-de-obras-abarca-varias-zonas-del-departamento-y-redundara-en-calidad-de-vida-para-los-vecinos","status":"publish","type":"post","link":"https:\/\/tacuarembo.gub.uy\/?p=16383","title":{"rendered":"Plan de Obras abarca varias zonas del departamento y redundar\u00e1 en calidad de vida para los vecinos"},"content":{"rendered":"\n<p>El director general de Obras de la Intendencia de Tacuaremb\u00f3, Yamand\u00fa Rodr\u00edguez, efectu\u00f3 un repaso de los trabajos que se llevan adelante en materia de pavimentaci\u00f3n, cord\u00f3n cuneta, apertura de calles y acondicionamiento de predios, entre otras acciones.<\/p>\n\n\n\n<p>Todas las tareas \u201cresultan necesarias para mejorar la conectividad entre los barrios y acompa\u00f1ar el crecimiento de la ciudad\u201d. Por lo tanto, \u201cvenimos trabajando en varios frentes para dar respuesta a las necesidades de cada zona\u201d.<\/p>\n\n\n\n<p>En esa l\u00ednea, \u201cestamos realizando la apertura de calles las inmediaciones del Complejo T15 y el Terru\u00f1o donde se lleva adelante el acondicionamiento de un predio para realojar m\u00e1s familias comprendidas dentro del Plan de Viviendas\u201d.<\/p>\n\n\n\n<p>Paralelamente, en los barrios Artigas y San Javier se ejecut\u00f3 la construcci\u00f3n de cord\u00f3n cuneta y se est\u00e1n preparando las calles para la aplicaci\u00f3n del riego bituminoso\u201d.<\/p>\n\n\n\n<p>Las cuadrillas de la IDT tambi\u00e9n permanecen en un tramo de General Fructuoso Rivera, las calles Cirilo Rodr\u00edguez y periodista Jos\u00e9 Castro, as\u00ed como en v\u00edas de circulaci\u00f3n paralelas al Cementerio Central. A la pavimentaci\u00f3n, \u201cse suma la reparaci\u00f3n de veredas, y la construcci\u00f3n de nichos y urnarios que forman parte del Plan de Obras\u201d.<\/p>\n\n\n\n<p>Rodr\u00edguez agreg\u00f3 que \u201cse avanza a buen ritmo en lo referido a ciclov\u00edas y veredas en la gran obra de Bulevar Rodr\u00edguez Correa, mientras que los trabajos en la avenida Manuel Oribe est\u00e1n pr\u00e1cticamente finalizados\u201d.<\/p>\n\n\n\n<p>Por \u00faltimo, se refiri\u00f3 a las tareas en el Teatro Escayola donde se presenta un avance importante y se est\u00e1n definiendo aspectos especiales que se implementar\u00e1n en este espacio cultural\u201d.<\/p>\n\n\n\n\t\t<style type=\"text\/css\">\n\t\t\t#gallery-1 {\n\t\t\t\tmargin: auto;\n\t\t\t}\n\t\t\t#gallery-1 .gallery-item {\n\t\t\t\tfloat: left;\n\t\t\t\tmargin-top: 10px;\n\t\t\t\ttext-align: center;\n\t\t\t\twidth: 33%;\n\t\t\t}\n\t\t\t#gallery-1 img {\n\t\t\t\tborder: 2px solid #cfcfcf;\n\t\t\t}\n\t\t\t#gallery-1 .gallery-caption {\n\t\t\t\tmargin-left: 0;\n\t\t\t}\n\t\t\t\/* see gallery_shortcode() in wp-includes\/media.php *\/\n\t\t<\/style>\n\t\t<div id='gallery-1' class='gallery galleryid-16383 gallery-columns-3 gallery-size-full'><dl class='gallery-item'>\n\t\t\t<dt class='gallery-icon landscape'>\n\t\t\t\t<a href='https:\/\/tacuarembo.gub.uy\/?attachment_id=16384'><img loading=\"lazy\" decoding=\"async\" width=\"1080\" height=\"803\" src=\"https:\/\/tacuarembo.gub.uy\/wp-content\/uploads\/WhatsApp-Image-2022-09-27-at-13.18.09.jpeg\" class=\"attachment-full size-full\" alt=\"\" srcset=\"https:\/\/tacuarembo.gub.uy\/wp-content\/uploads\/WhatsApp-Image-2022-09-27-at-13.18.09.jpeg 1080w, https:\/\/tacuarembo.gub.uy\/wp-content\/uploads\/WhatsApp-Image-2022-09-27-at-13.18.09-768x571.jpeg 768w\" sizes=\"auto, (max-width: 1080px) 100vw, 1080px\" \/><\/a>\n\t\t\t<\/dt><\/dl><dl class='gallery-item'>\n\t\t\t<dt class='gallery-icon landscape'>\n\t\t\t\t<a href='https:\/\/tacuarembo.gub.uy\/?attachment_id=16385'><img loading=\"lazy\" decoding=\"async\" width=\"1080\" height=\"748\" src=\"https:\/\/tacuarembo.gub.uy\/wp-content\/uploads\/WhatsApp-Image-2022-09-27-at-13.18.081.jpeg\" class=\"attachment-full size-full\" alt=\"\" srcset=\"https:\/\/tacuarembo.gub.uy\/wp-content\/uploads\/WhatsApp-Image-2022-09-27-at-13.18.081.jpeg 1080w, https:\/\/tacuarembo.gub.uy\/wp-content\/uploads\/WhatsApp-Image-2022-09-27-at-13.18.081-200x140.jpeg 200w, https:\/\/tacuarembo.gub.uy\/wp-content\/uploads\/WhatsApp-Image-2022-09-27-at-13.18.081-768x532.jpeg 768w\" sizes=\"auto, (max-width: 1080px) 100vw, 1080px\" \/><\/a>\n\t\t\t<\/dt><\/dl><dl class='gallery-item'>\n\t\t\t<dt class='gallery-icon landscape'>\n\t\t\t\t<a href='https:\/\/tacuarembo.gub.uy\/?attachment_id=16386'><img loading=\"lazy\" decoding=\"async\" width=\"1080\" height=\"740\" src=\"https:\/\/tacuarembo.gub.uy\/wp-content\/uploads\/WhatsApp-Image-2022-09-27-at-13.18.08.jpeg\" class=\"attachment-full size-full\" alt=\"\" srcset=\"https:\/\/tacuarembo.gub.uy\/wp-content\/uploads\/WhatsApp-Image-2022-09-27-at-13.18.08.jpeg 1080w, https:\/\/tacuarembo.gub.uy\/wp-content\/uploads\/WhatsApp-Image-2022-09-27-at-13.18.08-768x526.jpeg 768w\" sizes=\"auto, (max-width: 1080px) 100vw, 1080px\" \/><\/a>\n\t\t\t<\/dt><\/dl><br style=\"clear: both\" \/><dl class='gallery-item'>\n\t\t\t<dt class='gallery-icon landscape'>\n\t\t\t\t<a href='https:\/\/tacuarembo.gub.uy\/?attachment_id=16387'><img loading=\"lazy\" decoding=\"async\" width=\"1080\" height=\"774\" src=\"https:\/\/tacuarembo.gub.uy\/wp-content\/uploads\/WhatsApp-Image-2022-09-27-at-13.18.071.jpeg\" class=\"attachment-full size-full\" alt=\"\" srcset=\"https:\/\/tacuarembo.gub.uy\/wp-content\/uploads\/WhatsApp-Image-2022-09-27-at-13.18.071.jpeg 1080w, https:\/\/tacuarembo.gub.uy\/wp-content\/uploads\/WhatsApp-Image-2022-09-27-at-13.18.071-768x550.jpeg 768w\" sizes=\"auto, (max-width: 1080px) 100vw, 1080px\" \/><\/a>\n\t\t\t<\/dt><\/dl><dl class='gallery-item'>\n\t\t\t<dt class='gallery-icon landscape'>\n\t\t\t\t<a href='https:\/\/tacuarembo.gub.uy\/?attachment_id=16388'><img loading=\"lazy\" decoding=\"async\" width=\"1080\" height=\"747\" src=\"https:\/\/tacuarembo.gub.uy\/wp-content\/uploads\/WhatsApp-Image-2022-09-27-at-13.18.07.jpeg\" class=\"attachment-full size-full\" alt=\"\" srcset=\"https:\/\/tacuarembo.gub.uy\/wp-content\/uploads\/WhatsApp-Image-2022-09-27-at-13.18.07.jpeg 1080w, https:\/\/tacuarembo.gub.uy\/wp-content\/uploads\/WhatsApp-Image-2022-09-27-at-13.18.07-768x531.jpeg 768w\" sizes=\"auto, (max-width: 1080px) 100vw, 1080px\" \/><\/a>\n\t\t\t<\/dt><\/dl>\n\t\t\t<br style='clear: both' \/>\n\t\t<\/div>\n","protected":false},"excerpt":{"rendered":"<p>El director general de Obras de la Intendencia de Tacuaremb\u00f3, Yamand\u00fa Rodr\u00edguez, efectu\u00f3 un repaso de los trabajos que se llevan adelante en materia de pavimentaci\u00f3n, cord\u00f3n cuneta, apertura de calles y acondicionamiento de predios, entre otras acciones.<\/p>\n","protected":false},"author":3,"featured_media":16388,"comment_status":"open","ping_status":"open","sticky":false,"template":"","format":"standard","meta":{"_eb_attr":"","footnotes":""},"categories":[16,23],"tags":[],"class_list":{"0":"post-16383","1":"post","2":"type-post","3":"status-publish","4":"format-standard","5":"has-post-thumbnail","7":"category-noticias","8":"category-obras-en-construccion"},"_links":{"self":[{"href":"https:\/\/tacuarembo.gub.uy\/index.php?rest_route=\/wp\/v2\/posts\/16383","targetHints":{"allow":["GET"]}}],"collection":[{"href":"https:\/\/tacuarembo.gub.uy\/index.php?rest_route=\/wp\/v2\/posts"}],"about":[{"href":"https:\/\/tacuarembo.gub.uy\/index.php?rest_route=\/wp\/v2\/types\/post"}],"author":[{"embeddable":true,"href":"https:\/\/tacuarembo.gub.uy\/index.php?rest_route=\/wp\/v2\/users\/3"}],"replies":[{"embeddable":true,"href":"https:\/\/tacuarembo.gub.uy\/index.php?rest_route=%2Fwp%2Fv2%2Fcomments&post=16383"}],"version-history":[{"count":1,"href":"https:\/\/tacuarembo.gub.uy\/index.php?rest_route=\/wp\/v2\/posts\/16383\/revisions"}],"predecessor-version":[{"id":16389,"href":"https:\/\/tacuarembo.gub.uy\/index.php?rest_route=\/wp\/v2\/posts\/16383\/revisions\/16389"}],"wp:featuredmedia":[{"embeddable":true,"href":"https:\/\/tacuarembo.gub.uy\/index.php?rest_route=\/wp\/v2\/media\/16388"}],"wp:attachment":[{"href":"https:\/\/tacuarembo.gub.uy\/index.php?rest_route=%2Fwp%2Fv2%2Fmedia&parent=16383"}],"wp:term":[{"taxonomy":"category","embeddable":true,"href":"https:\/\/tacuarembo.gub.uy\/index.php?rest_route=%2Fwp%2Fv2%2Fcategories&post=16383"},{"taxonomy":"post_tag","embeddable":true,"href":"https:\/\/tacuarembo.gub.uy\/index.php?rest_route=%2Fwp%2Fv2%2Ftags&post=16383"}],"curies":[{"name":"wp","href":"https:\/\/api.w.org\/{rel}","templated":true}]}}