{"id":16366,"date":"2022-09-27T09:19:11","date_gmt":"2022-09-27T12:19:11","guid":{"rendered":"https:\/\/tacuarembo.gub.uy\/?p=16366"},"modified":"2022-09-27T09:19:11","modified_gmt":"2022-09-27T12:19:11","slug":"ezquerra-reconocio-trayectoria-del-encargado-de-la-junta-local-de-batovi-bonilla","status":"publish","type":"post","link":"https:\/\/tacuarembo.gub.uy\/?p=16366","title":{"rendered":"Ezquerra reconoci\u00f3 trayectoria del encargado de la Junta Local de Batovi &#8211; Bonilla"},"content":{"rendered":"\n<p>El Intendente Wilson Ezquerra destac\u00f3 la labor desempe\u00f1ada por Carlos \u201cCacho\u201d Chagas, quien pas\u00f3 a retiro jubilatorio luego de haberse desempe\u00f1ado como encargado de la Junta Local de Batovi \u2013 Bonilla.<\/p>\n\n\n\n<p>En ese sentido, junto a otras autoridades y funcionarios de la Intendencia de Tacuaremb\u00f3 le hicieron entrega de una placa de reconocimiento a modo de homenaje por el trabaj\u00f3 que brind\u00f3, durante muchos a\u00f1os, sirviendo a la comunidad.<\/p>\n\n\n\n<figure class=\"wp-block-image size-large\"><img loading=\"lazy\" decoding=\"async\" width=\"800\" height=\"420\" src=\"https:\/\/tacuarembo.gub.uy\/wp-content\/uploads\/WhatsApp-Image-2022-09-27-at-09.03.04-800x420.jpeg\" alt=\"\" class=\"wp-image-16367\"\/><\/figure>\n\n\n\n<p>La instancia se desarroll\u00f3 el pasado fin de semana y result\u00f3 un momento de emoci\u00f3n y alegr\u00eda para Chagas que agradeci\u00f3 el gesto de Ezquerra y sus compa\u00f1eros.<\/p>\n","protected":false},"excerpt":{"rendered":"<p>El Intendente Wilson Ezquerra destac\u00f3 la labor desempe\u00f1ada por Carlos \u201cCacho\u201d Chagas, quien pas\u00f3 a retiro jubilatorio luego de haberse desempe\u00f1ado como encargado de la Junta Local de Batovi \u2013 Bonilla<\/p>\n","protected":false},"author":3,"featured_media":16367,"comment_status":"open","ping_status":"open","sticky":false,"template":"","format":"standard","meta":{"_eb_attr":"","footnotes":""},"categories":[16],"tags":[],"class_list":{"0":"post-16366","1":"post","2":"type-post","3":"status-publish","4":"format-standard","5":"has-post-thumbnail","7":"category-noticias"},"_links":{"self":[{"href":"https:\/\/tacuarembo.gub.uy\/index.php?rest_route=\/wp\/v2\/posts\/16366","targetHints":{"allow":["GET"]}}],"collection":[{"href":"https:\/\/tacuarembo.gub.uy\/index.php?rest_route=\/wp\/v2\/posts"}],"about":[{"href":"https:\/\/tacuarembo.gub.uy\/index.php?rest_route=\/wp\/v2\/types\/post"}],"author":[{"embeddable":true,"href":"https:\/\/tacuarembo.gub.uy\/index.php?rest_route=\/wp\/v2\/users\/3"}],"replies":[{"embeddable":true,"href":"https:\/\/tacuarembo.gub.uy\/index.php?rest_route=%2Fwp%2Fv2%2Fcomments&post=16366"}],"version-history":[{"count":1,"href":"https:\/\/tacuarembo.gub.uy\/index.php?rest_route=\/wp\/v2\/posts\/16366\/revisions"}],"predecessor-version":[{"id":16368,"href":"https:\/\/tacuarembo.gub.uy\/index.php?rest_route=\/wp\/v2\/posts\/16366\/revisions\/16368"}],"wp:featuredmedia":[{"embeddable":true,"href":"https:\/\/tacuarembo.gub.uy\/index.php?rest_route=\/wp\/v2\/media\/16367"}],"wp:attachment":[{"href":"https:\/\/tacuarembo.gub.uy\/index.php?rest_route=%2Fwp%2Fv2%2Fmedia&parent=16366"}],"wp:term":[{"taxonomy":"category","embeddable":true,"href":"https:\/\/tacuarembo.gub.uy\/index.php?rest_route=%2Fwp%2Fv2%2Fcategories&post=16366"},{"taxonomy":"post_tag","embeddable":true,"href":"https:\/\/tacuarembo.gub.uy\/index.php?rest_route=%2Fwp%2Fv2%2Ftags&post=16366"}],"curies":[{"name":"wp","href":"https:\/\/api.w.org\/{rel}","templated":true}]}}