{"id":16357,"date":"2022-09-26T20:15:07","date_gmt":"2022-09-26T23:15:07","guid":{"rendered":"https:\/\/tacuarembo.gub.uy\/?p=16357"},"modified":"2022-09-26T20:15:07","modified_gmt":"2022-09-26T23:15:07","slug":"caminata-por-la-semana-del-corazon-conto-con-una-gran-adhesion-de-la-poblacion","status":"publish","type":"post","link":"https:\/\/tacuarembo.gub.uy\/?p=16357","title":{"rendered":"Caminata por la Semana del Coraz\u00f3n cont\u00f3 con una gran adhesi\u00f3n de la poblaci\u00f3n"},"content":{"rendered":"\n<p>Desde la Direcci\u00f3n de Deportes de la IDT se apoy\u00f3 esta actividad que le dio color al inicio de la Semana del Coraz\u00f3n. La iniciativa aspira a generar conciencia acerca de h\u00e1bitos saludables, as\u00ed como a promover la pr\u00e1ctica de actividad f\u00edsica controlada para cuidar la salud cardiovascular.<\/p>\n\n\n\n<p>Diversas instituciones y p\u00fablico en general se congregaron durante la ma\u00f1ana de este lunes 26 de setiembre, en el Polideprotivo de Tacuaremb\u00f3 donde realizaron la entrada en calor junto a una profesora de zumba y la posterior caminata que dio apertura a la Semana del Coraz\u00f3n 2022.<\/p>\n\n\n\n<p>El director de Deportes, Math\u00edas Grizutti, record\u00f3 que esta \u00e1rea de la IDT es una de las promotoras de las actividades y en forma permanente se trabaja en el est\u00edmulo de la actividad f\u00edsica con gimnasia en los barrios, centros poblados y fortaleciendo estaciones saludables.<\/p>\n\n\n\n<p>A\u00f1adi\u00f3 que este a\u00f1o todas las propuestas se desarrollan bajo el lema \u201cPonele coraz\u00f3n, Tu compromiso, ponelo en acci\u00f3n\u201d, al tiempo que record\u00f3 que se cuenta con el apoyo de organismos e instituciones a nivel nacional y departamental.<\/p>\n\n\n\n<p>Grizutti resalt\u00f3 que \u201cfue una jornada a puro color con globos y camisetas rojas, donde los participantes se sumaron a una caminata en forma de coraz\u00f3n, contando con el respaldo de ambulancias y personal de la Direcci\u00f3n de Tr\u00e1nsito.<\/p>\n\n\n\n<p>Tambi\u00e9n hizo hincapi\u00e9 en que \u201cen pocos minutos que dediquemos a realizar actividad f\u00edsica -acompa\u00f1ado de una buena alimentaci\u00f3n- se pueden lograr grandes cambios, una mejor calidad de vida y prevenir enfermedades\u201d.<\/p>\n\n\n\n<p>En el marco del cronograma de actividades, la Direcci\u00f3n de Salud, que depende de la Direcci\u00f3n de Desarrollo Social, tambi\u00e9n se sum\u00f3 a la caminata. Adem\u00e1s, brindar\u00e1n y charlas y se har\u00e1n controles de salud en los centros de barrios.<\/p>\n\n\n\n\t\t<style type=\"text\/css\">\n\t\t\t#gallery-1 {\n\t\t\t\tmargin: auto;\n\t\t\t}\n\t\t\t#gallery-1 .gallery-item {\n\t\t\t\tfloat: left;\n\t\t\t\tmargin-top: 10px;\n\t\t\t\ttext-align: center;\n\t\t\t\twidth: 33%;\n\t\t\t}\n\t\t\t#gallery-1 img {\n\t\t\t\tborder: 2px solid #cfcfcf;\n\t\t\t}\n\t\t\t#gallery-1 .gallery-caption {\n\t\t\t\tmargin-left: 0;\n\t\t\t}\n\t\t\t\/* see gallery_shortcode() in wp-includes\/media.php *\/\n\t\t<\/style>\n\t\t<div id='gallery-1' class='gallery galleryid-16357 gallery-columns-3 gallery-size-thumbnail'><dl class='gallery-item'>\n\t\t\t<dt class='gallery-icon landscape'>\n\t\t\t\t<a href='https:\/\/tacuarembo.gub.uy\/?attachment_id=16359'><img loading=\"lazy\" decoding=\"async\" width=\"200\" height=\"140\" src=\"https:\/\/tacuarembo.gub.uy\/wp-content\/uploads\/IMG-20220926-WA0046-1-200x140.jpg\" class=\"attachment-thumbnail size-thumbnail\" alt=\"\" \/><\/a>\n\t\t\t<\/dt><\/dl><dl class='gallery-item'>\n\t\t\t<dt class='gallery-icon landscape'>\n\t\t\t\t<a href='https:\/\/tacuarembo.gub.uy\/?attachment_id=16360'><img loading=\"lazy\" decoding=\"async\" width=\"200\" height=\"140\" src=\"https:\/\/tacuarembo.gub.uy\/wp-content\/uploads\/IMG-20220926-WA0047-200x140.jpg\" class=\"attachment-thumbnail size-thumbnail\" alt=\"\" \/><\/a>\n\t\t\t<\/dt><\/dl><dl class='gallery-item'>\n\t\t\t<dt class='gallery-icon landscape'>\n\t\t\t\t<a href='https:\/\/tacuarembo.gub.uy\/?attachment_id=16361'><img loading=\"lazy\" decoding=\"async\" width=\"200\" height=\"140\" src=\"https:\/\/tacuarembo.gub.uy\/wp-content\/uploads\/IMG-20220926-WA0045-200x140.jpg\" class=\"attachment-thumbnail size-thumbnail\" alt=\"\" \/><\/a>\n\t\t\t<\/dt><\/dl><br style=\"clear: both\" \/><dl class='gallery-item'>\n\t\t\t<dt class='gallery-icon landscape'>\n\t\t\t\t<a href='https:\/\/tacuarembo.gub.uy\/?attachment_id=16362'><img loading=\"lazy\" decoding=\"async\" width=\"200\" height=\"140\" src=\"https:\/\/tacuarembo.gub.uy\/wp-content\/uploads\/IMG-20220926-WA0048-200x140.jpg\" class=\"attachment-thumbnail size-thumbnail\" alt=\"\" \/><\/a>\n\t\t\t<\/dt><\/dl><dl class='gallery-item'>\n\t\t\t<dt class='gallery-icon landscape'>\n\t\t\t\t<a href='https:\/\/tacuarembo.gub.uy\/?attachment_id=16363'><img loading=\"lazy\" decoding=\"async\" width=\"200\" height=\"140\" src=\"https:\/\/tacuarembo.gub.uy\/wp-content\/uploads\/IMG-20220926-WA0044-200x140.jpg\" class=\"attachment-thumbnail size-thumbnail\" alt=\"\" \/><\/a>\n\t\t\t<\/dt><\/dl>\n\t\t\t<br style='clear: both' \/>\n\t\t<\/div>\n","protected":false},"excerpt":{"rendered":"<p>Desde la Direcci\u00f3n de Deportes de la IDT se apoy\u00f3 esta actividad que le dio color al inicio de la Semana del Coraz\u00f3n. La iniciativa aspira a generar conciencia acerca de h\u00e1bitos saludables, as\u00ed como a promover la pr\u00e1ctica de actividad f\u00edsica controlada para cuidar la salud cardiovascular<\/p>\n","protected":false},"author":3,"featured_media":16359,"comment_status":"open","ping_status":"open","sticky":false,"template":"","format":"standard","meta":{"_eb_attr":"","footnotes":""},"categories":[16],"tags":[],"class_list":{"0":"post-16357","1":"post","2":"type-post","3":"status-publish","4":"format-standard","5":"has-post-thumbnail","7":"category-noticias"},"_links":{"self":[{"href":"https:\/\/tacuarembo.gub.uy\/index.php?rest_route=\/wp\/v2\/posts\/16357","targetHints":{"allow":["GET"]}}],"collection":[{"href":"https:\/\/tacuarembo.gub.uy\/index.php?rest_route=\/wp\/v2\/posts"}],"about":[{"href":"https:\/\/tacuarembo.gub.uy\/index.php?rest_route=\/wp\/v2\/types\/post"}],"author":[{"embeddable":true,"href":"https:\/\/tacuarembo.gub.uy\/index.php?rest_route=\/wp\/v2\/users\/3"}],"replies":[{"embeddable":true,"href":"https:\/\/tacuarembo.gub.uy\/index.php?rest_route=%2Fwp%2Fv2%2Fcomments&post=16357"}],"version-history":[{"count":1,"href":"https:\/\/tacuarembo.gub.uy\/index.php?rest_route=\/wp\/v2\/posts\/16357\/revisions"}],"predecessor-version":[{"id":16364,"href":"https:\/\/tacuarembo.gub.uy\/index.php?rest_route=\/wp\/v2\/posts\/16357\/revisions\/16364"}],"wp:featuredmedia":[{"embeddable":true,"href":"https:\/\/tacuarembo.gub.uy\/index.php?rest_route=\/wp\/v2\/media\/16359"}],"wp:attachment":[{"href":"https:\/\/tacuarembo.gub.uy\/index.php?rest_route=%2Fwp%2Fv2%2Fmedia&parent=16357"}],"wp:term":[{"taxonomy":"category","embeddable":true,"href":"https:\/\/tacuarembo.gub.uy\/index.php?rest_route=%2Fwp%2Fv2%2Fcategories&post=16357"},{"taxonomy":"post_tag","embeddable":true,"href":"https:\/\/tacuarembo.gub.uy\/index.php?rest_route=%2Fwp%2Fv2%2Ftags&post=16357"}],"curies":[{"name":"wp","href":"https:\/\/api.w.org\/{rel}","templated":true}]}}