{"id":16354,"date":"2022-09-26T14:12:26","date_gmt":"2022-09-26T17:12:26","guid":{"rendered":"https:\/\/tacuarembo.gub.uy\/?p=16354"},"modified":"2022-09-26T14:12:26","modified_gmt":"2022-09-26T17:12:26","slug":"semana-del-patrimonio-en-tacuarembo-se-extendera-del-30-de-setiembre-al-9-de-octubre","status":"publish","type":"post","link":"https:\/\/tacuarembo.gub.uy\/?p=16354","title":{"rendered":"Semana del Patrimonio en Tacuaremb\u00f3 se extender\u00e1 del 30 de setiembre al 9 de octubre"},"content":{"rendered":"\n<p>El director general de Educaci\u00f3n y Cultura de la IDT, Carlos Arezo, se refiri\u00f3 a las actividades previstas en el marco de la tradicional Semana del Patrimonio.<\/p>\n\n\n\n<p>A nivel nacional, este a\u00f1o se homenajear\u00e1 a la actriz y directora teatral, \u201cChina\u201d Zorrilla. En tanto, como es habitual la Intendencia de Tacuaremb\u00f3 reconocer\u00e1 la obra de un artista tacuaremboense y, en este caso, ser\u00e1 el escultor Jos\u00e9 Bulmini.<\/p>\n\n\n\n<figure class=\"wp-block-image size-large\"><img loading=\"lazy\" decoding=\"async\" width=\"800\" height=\"420\" src=\"https:\/\/tacuarembo.gub.uy\/wp-content\/uploads\/WhatsApp-Image-2022-09-26-at-14.08.57-800x420.jpeg\" alt=\"\" class=\"wp-image-16355\"\/><\/figure>\n\n\n\n<p>Precisamente, la apertura de la Semana del Patrimonio tendr\u00e1 lugar a las 10.30 horas del viernes 30 de setiembre, en el hall de la Intendencia, con una muestra retrospectiva del primer escultor y ceramista del departamento.<\/p>\n\n\n\n<p>Arezo hizo hincapi\u00e9 en que tambi\u00e9n habr\u00e1 propuestas vinculadas a la consigna nacional mediante una representaci\u00f3n teatral de \u201cEsperando la Carroza\u201d en San Gregorio de Polanco, y una obra de teatro en la Sala Brocco de Tacuaremb\u00f3 donde se podr\u00e1 conocer acerca de la historia de la artista \u201cChina Zorrilla, con larga trayectoria, tanto en Uruguay como en Argentina.<\/p>\n\n\n\n<p>El cierre de todas las actividades previstas ser\u00e1 con la presentaci\u00f3n de la Orquesta Sinf\u00f3nica Juvenil del Sodre que brindar\u00e1 un espect\u00e1culo el domingo 9 de octubre, en el Club Tacuaremb\u00f3.<\/p>\n\n\n\n<p>El jerarca expres\u00f3 que la programaci\u00f3n completa se anunciar\u00e1 en conferencia de prensa y anunci\u00f3 que la doctora Rosario de Le\u00f3n se incorpor\u00f3 al equipo de la Direcci\u00f3n de Cultura de la IDT.<\/p>\n","protected":false},"excerpt":{"rendered":"<p>El director general de Educaci\u00f3n y Cultura de la IDT, Carlos Arezo, se refiri\u00f3 a las actividades previstas en el marco de la tradicional Semana del Patrimonio<\/p>\n","protected":false},"author":3,"featured_media":16355,"comment_status":"open","ping_status":"open","sticky":false,"template":"","format":"standard","meta":{"_eb_attr":"","footnotes":""},"categories":[18,16],"tags":[],"class_list":{"0":"post-16354","1":"post","2":"type-post","3":"status-publish","4":"format-standard","5":"has-post-thumbnail","7":"category-cultura","8":"category-noticias"},"_links":{"self":[{"href":"https:\/\/tacuarembo.gub.uy\/index.php?rest_route=\/wp\/v2\/posts\/16354","targetHints":{"allow":["GET"]}}],"collection":[{"href":"https:\/\/tacuarembo.gub.uy\/index.php?rest_route=\/wp\/v2\/posts"}],"about":[{"href":"https:\/\/tacuarembo.gub.uy\/index.php?rest_route=\/wp\/v2\/types\/post"}],"author":[{"embeddable":true,"href":"https:\/\/tacuarembo.gub.uy\/index.php?rest_route=\/wp\/v2\/users\/3"}],"replies":[{"embeddable":true,"href":"https:\/\/tacuarembo.gub.uy\/index.php?rest_route=%2Fwp%2Fv2%2Fcomments&post=16354"}],"version-history":[{"count":1,"href":"https:\/\/tacuarembo.gub.uy\/index.php?rest_route=\/wp\/v2\/posts\/16354\/revisions"}],"predecessor-version":[{"id":16356,"href":"https:\/\/tacuarembo.gub.uy\/index.php?rest_route=\/wp\/v2\/posts\/16354\/revisions\/16356"}],"wp:featuredmedia":[{"embeddable":true,"href":"https:\/\/tacuarembo.gub.uy\/index.php?rest_route=\/wp\/v2\/media\/16355"}],"wp:attachment":[{"href":"https:\/\/tacuarembo.gub.uy\/index.php?rest_route=%2Fwp%2Fv2%2Fmedia&parent=16354"}],"wp:term":[{"taxonomy":"category","embeddable":true,"href":"https:\/\/tacuarembo.gub.uy\/index.php?rest_route=%2Fwp%2Fv2%2Fcategories&post=16354"},{"taxonomy":"post_tag","embeddable":true,"href":"https:\/\/tacuarembo.gub.uy\/index.php?rest_route=%2Fwp%2Fv2%2Ftags&post=16354"}],"curies":[{"name":"wp","href":"https:\/\/api.w.org\/{rel}","templated":true}]}}